{"id":16105,"date":"2024-09-10T06:00:00","date_gmt":"2024-09-10T04:00:00","guid":{"rendered":"https:\/\/grain-dpixel.fr\/info\/?p=16105"},"modified":"2024-09-30T18:17:07","modified_gmt":"2024-09-30T16:17:07","slug":"interview-disaeblle-royet-journoud","status":"publish","type":"post","link":"https:\/\/grain-dpixel.fr\/info\/interview-disaeblle-royet-journoud\/","title":{"rendered":"Interview de F\u00e9ebrile"},"content":{"rendered":"\n<h3 class=\"wp-block-heading has-text-align-center\">Exposition au \u00ab\u00a0Mus\u00e9e des Maisons Comtoises\u00a0\u00bb de Nancray, du 28 septembre au 13 octobre<\/h3>\n\n\n\n<p class=\"has-small-font-size\">Acc\u00e8s au mus\u00e9e payant<br>du lundi au samedi de 13h00 \u00e0 18h00<br>Les dimanches et jours f\u00e9ri\u00e9s de 10h00 \u00e0 18h00<\/p>\n\n\n\n<p class=\"has-text-align-justify\"><i><strong>&#8211; Quelques mots pour te pr\u00e9senter :<\/strong><\/i><br>Je suis une photographe autodidacte prot\u00e9iforme. Sans m\u2019y cantonner, l\u2019autoportrait est le centre de mon \u0153uvre. Je vis et travaille \u00e0 Belfort. Je cr\u00e9e aussi les masques et autres \u00ab accessoires \u00bb utilis\u00e9s dans mes images.<\/p>\n\n\n\n<p class=\"has-text-align-justify\"><em><strong>&#8211; Quand et comment as-tu d\u00e9but\u00e9 en photo\u202f? Qu\u2019est-ce qu\u2019elle repr\u00e9sente pour toi\u202f?<\/strong><\/em><br>J\u2019ai d\u00e9but\u00e9 vers 2006. Avant d\u2019en faire un art, la photographie a \u00e9t\u00e9 pour moi une force. Un petit cocon o\u00f9 j\u2019avais tout contr\u00f4le, l\u00e0 o\u00f9 l\u2019ext\u00e9rieur m\u2019\u00e9chappait et me blessait. Aujourd\u2019hui, elle repr\u00e9sente un peu toute ma vie.<\/p>\n\n\n\n<p class=\"has-text-align-justify\"><strong><em>&#8211; De quoi parle ton exposition ?<\/em>&nbsp;<\/strong><br>Si ce sont tous des autoportraits, chaque photographie \u00e0 sa propre histoire. Cristallisation de telle r\u00e9flexion, tel r\u00eave, tel souvenir, tel moment de vie\u2026 Donc oui, l\u2019exposition parle de moi, mais un moi qui n\u2019est plus vraiment moi et se veut universel.<\/p>\n\n\n\n<p class=\"has-text-align-justify\"><strong><em>&#8211; En g\u00e9n\u00e9ral, quels sont les sujets qui t\u2019int\u00e9ressent\u202f? Qu\u2019est-ce que tu y cherches, y trouves\u202f?<\/em>&nbsp;<\/strong><br>Le monstre, le double mais aussi la beaut\u00e9 en chaque instant m\u00eame douloureux. Le but est de r\u00e9aliser, rendre r\u00e9el, un monde onirique afin d\u2019att\u00e9nuer (ou bien alors d\u00e9voiler), \u00e0 ma petite \u00e9chelle, la duret\u00e9 d\u2019un monde destructeur. Encore et toujours cr\u00e9er ce cocon.<\/p>\n\n\n\n<p><i><strong>-Lien hypertexte vers le site internet o\u00f9 l\u2019on peut te retrouver <\/strong>: <\/i><br><a href=\"https:\/\/feebrile.com\">https:\/\/feebrile.com<\/a><\/p>\n\n\n<div class=\"wp-block-image\">\n<figure class=\"aligncenter size-large\"><a href=\"https:\/\/grain-dpixel.fr\/info\/wp-content\/uploads\/2024\/07\/Isabelle-ROYET-JOURNOUD-Photo-signature.jpg\"><img fetchpriority=\"high\" decoding=\"async\" width=\"683\" height=\"1024\" src=\"https:\/\/grain-dpixel.fr\/info\/wp-content\/uploads\/2024\/07\/Isabelle-ROYET-JOURNOUD-Photo-signature-683x1024.jpg\" alt=\"\" class=\"wp-image-15853\" srcset=\"https:\/\/grain-dpixel.fr\/info\/wp-content\/uploads\/2024\/07\/Isabelle-ROYET-JOURNOUD-Photo-signature-683x1024.jpg 683w, https:\/\/grain-dpixel.fr\/info\/wp-content\/uploads\/2024\/07\/Isabelle-ROYET-JOURNOUD-Photo-signature-200x300.jpg 200w, https:\/\/grain-dpixel.fr\/info\/wp-content\/uploads\/2024\/07\/Isabelle-ROYET-JOURNOUD-Photo-signature-768x1152.jpg 768w, https:\/\/grain-dpixel.fr\/info\/wp-content\/uploads\/2024\/07\/Isabelle-ROYET-JOURNOUD-Photo-signature-1024x1536.jpg 1024w, https:\/\/grain-dpixel.fr\/info\/wp-content\/uploads\/2024\/07\/Isabelle-ROYET-JOURNOUD-Photo-signature.jpg 1365w\" sizes=\"(max-width: 683px) 100vw, 683px\" \/><\/a><\/figure><\/div>\n\n<div class=\"wp-block-image\">\n<figure class=\"aligncenter size-full\"><a href=\"https:\/\/grain-dpixel.fr\/info\/wp-content\/uploads\/2024\/07\/Bandeau-sponsors-fB-et-site-2024-828-x-315.jpg\"><img decoding=\"async\" width=\"828\" height=\"315\" src=\"https:\/\/grain-dpixel.fr\/info\/wp-content\/uploads\/2024\/07\/Bandeau-sponsors-fB-et-site-2024-828-x-315.jpg\" alt=\"\" class=\"wp-image-16030\" srcset=\"https:\/\/grain-dpixel.fr\/info\/wp-content\/uploads\/2024\/07\/Bandeau-sponsors-fB-et-site-2024-828-x-315.jpg 828w, https:\/\/grain-dpixel.fr\/info\/wp-content\/uploads\/2024\/07\/Bandeau-sponsors-fB-et-site-2024-828-x-315-300x114.jpg 300w, https:\/\/grain-dpixel.fr\/info\/wp-content\/uploads\/2024\/07\/Bandeau-sponsors-fB-et-site-2024-828-x-315-768x292.jpg 768w\" sizes=\"(max-width: 828px) 100vw, 828px\" \/><\/a><\/figure><\/div>","protected":false},"excerpt":{"rendered":"<p>Exposition au \u00ab\u00a0Mus\u00e9e des Maisons Comtoises\u00a0\u00bb de Nancray, du 28 septembre au 13 octobre Acc\u00e8s au mus\u00e9e payantdu lundi au samedi de 13h00 \u00e0 18h00Les dimanches et jours f\u00e9ri\u00e9s de [&hellip;]<\/p>\n","protected":false},"author":76,"featured_media":15853,"comment_status":"open","ping_status":"open","sticky":false,"template":"","format":"standard","meta":{"_bbp_topic_count":0,"_bbp_reply_count":0,"_bbp_total_topic_count":0,"_bbp_total_reply_count":0,"_bbp_voice_count":0,"_bbp_anonymous_reply_count":0,"_bbp_topic_count_hidden":0,"_bbp_reply_count_hidden":0,"_bbp_forum_subforum_count":0,"_monsterinsights_skip_tracking":false,"_monsterinsights_sitenote_active":false,"_monsterinsights_sitenote_note":"","_monsterinsights_sitenote_category":0,"_jetpack_memberships_contains_paid_content":false,"footnotes":""},"categories":[56,221,236],"tags":[],"class_list":["post-16105","post","type-post","status-publish","format-standard","has-post-thumbnail","hentry","category-festival","category-festival-2024","category-interviews-2024"],"jetpack_featured_media_url":"https:\/\/grain-dpixel.fr\/info\/wp-content\/uploads\/2024\/07\/Isabelle-ROYET-JOURNOUD-Photo-signature.jpg","jetpack_sharing_enabled":true,"_links":{"self":[{"href":"https:\/\/grain-dpixel.fr\/info\/wp-json\/wp\/v2\/posts\/16105","targetHints":{"allow":["GET"]}}],"collection":[{"href":"https:\/\/grain-dpixel.fr\/info\/wp-json\/wp\/v2\/posts"}],"about":[{"href":"https:\/\/grain-dpixel.fr\/info\/wp-json\/wp\/v2\/types\/post"}],"author":[{"embeddable":true,"href":"https:\/\/grain-dpixel.fr\/info\/wp-json\/wp\/v2\/users\/76"}],"replies":[{"embeddable":true,"href":"https:\/\/grain-dpixel.fr\/info\/wp-json\/wp\/v2\/comments?post=16105"}],"version-history":[{"count":3,"href":"https:\/\/grain-dpixel.fr\/info\/wp-json\/wp\/v2\/posts\/16105\/revisions"}],"predecessor-version":[{"id":16281,"href":"https:\/\/grain-dpixel.fr\/info\/wp-json\/wp\/v2\/posts\/16105\/revisions\/16281"}],"wp:featuredmedia":[{"embeddable":true,"href":"https:\/\/grain-dpixel.fr\/info\/wp-json\/wp\/v2\/media\/15853"}],"wp:attachment":[{"href":"https:\/\/grain-dpixel.fr\/info\/wp-json\/wp\/v2\/media?parent=16105"}],"wp:term":[{"taxonomy":"category","embeddable":true,"href":"https:\/\/grain-dpixel.fr\/info\/wp-json\/wp\/v2\/categories?post=16105"},{"taxonomy":"post_tag","embeddable":true,"href":"https:\/\/grain-dpixel.fr\/info\/wp-json\/wp\/v2\/tags?post=16105"}],"curies":[{"name":"wp","href":"https:\/\/api.w.org\/{rel}","templated":true}]}}