{"id":16101,"date":"2024-09-07T06:00:00","date_gmt":"2024-09-07T04:00:00","guid":{"rendered":"https:\/\/grain-dpixel.fr\/info\/?p=16101"},"modified":"2024-09-30T18:17:44","modified_gmt":"2024-09-30T16:17:44","slug":"interview-de-fred-jouaret","status":"publish","type":"post","link":"https:\/\/grain-dpixel.fr\/info\/interview-de-fred-jouaret\/","title":{"rendered":"Interview de Fred JOUARET"},"content":{"rendered":"\n<h3 class=\"wp-block-heading has-text-align-center\">Exposition au \u00ab\u00a0Mus\u00e9e des Maisons Comtoises\u00a0\u00bb de Nancray, du 28 septembre au 13 octobre<\/h3>\n\n\n\n<p class=\"has-small-font-size\">Acc\u00e8s au mus\u00e9e payant<br>du lundi au samedi de 13h00 \u00e0 18h00<br>Les dimanches et jours f\u00e9ri\u00e9s de 10h00 \u00e0 18h00<\/p>\n\n\n\n<p class=\"has-text-align-justify\"><i><strong>&#8211; Quelques mots pour te pr\u00e9senter :<\/strong><\/i><br>Fred Jouaret, originaire du Sud-Ouest, j\u2019habite \u00e0 Lyon. La photo n\u2019est pas mon m\u00e9tier, c\u2019est la passion magique&nbsp;dans laquelle je suis tomb\u00e9 quand j\u2019\u00e9tais petit. Je la pratique depuis pr\u00e8s de 50 ans un peu partout puisque j\u2019ai eu la chance de pas mal voyager, et que le voyage commence aussi au coin de la rue ou du village.<\/p>\n\n\n\n<p class=\"has-text-align-justify\"><em><strong>&#8211; Quand et comment as-tu d\u00e9but\u00e9 en photo\u202f? Qu\u2019est-ce qu\u2019elle repr\u00e9sente pour toi\u202f?<\/strong><\/em><br>J\u2019ai \u00e9t\u00e9 initi\u00e9 \u00e0 l\u2019observation et encourag\u00e9 \u00e0 la photo dans mon enfance et adolescence par mon grand-p\u00e8re et mon oncle, photographes dans les Landes, et par mon grand fr\u00e8re amateur \u00e9clair\u00e9. La photo est pour moi un moyen d\u2019expression, une fa\u00e7on de proposer des \u00e9motions et une r\u00e9flexion sur ce qui nous entoure.<\/p>\n\n\n\n<p class=\"has-text-align-justify\"><strong><em>&#8211; De quoi parle ton exposition ?<\/em>&nbsp;<\/strong><br>C\u2019est une r\u00e9flexion essentiellement esth\u00e9tique sur les silhouettes dans la ville, puisqu\u2019en tant que citadin je pratique surtout la photographie urbaine. L\u2019art du contre-jour, \u00e0 la lumi\u00e8re du soleil d\u00e9clinant ou des lumi\u00e8res clinquantes des boutiques. Elle ouvre sur une certaine po\u00e9sie et donne aussi \u00e0 r\u00e9fl\u00e9chir sur la place de l\u2019individu dans cet environnement artificiel \u00e0 l\u2019heure du jour o\u00f9 la singularit\u00e9, la diff\u00e9rence s\u2019efface au profit de silhouettes plus universelles.<\/p>\n\n\n\n<p class=\"has-text-align-justify\"><strong><em>&#8211; En g\u00e9n\u00e9ral, quels sont les sujets qui t\u2019int\u00e9ressent\u202f? Qu\u2019est-ce que tu y cherches, y trouves\u202f?<\/em>&nbsp;<\/strong><br>Ma premi\u00e8re exposition individuelle, cette ann\u00e9e, s\u2019intitulait \u00ab Urbanit\u00e9s \u2013 Humanit\u00e9s&nbsp;(rues d\u2019ici et rues d\u2019ailleurs) \u00bb, ce qui est un bon r\u00e9sum\u00e9 de ma d\u00e9marche. Je pratique beaucoup la photo de rue car je suis int\u00e9ress\u00e9 par les gens et par leur relation \u00e0 l\u2019environnement urbain o\u00f9 qu\u2019il soit (j\u2019ai des photos de tous les continents). Je parle de notre soci\u00e9t\u00e9 et de celles dont je ne suis qu\u2019observateur en recherchant des \u00e9motions, des relations, des d\u00e9calages\u2026 C\u2019est parfois naturaliste, parfois sociologique, assez souvent humoristique &#8211; et parfois, comme pour cette exposition, plus simplement esth\u00e9tique avec un travail soign\u00e9 sur la composition, la lumi\u00e8re et la couleur. Sur ce plan, rien ne me fait plus plaisir que le retour d\u2019un peintre qui aime une de mes photos&nbsp;! On me dit d\u2019ailleurs que certaines de mes photographies ressemblent \u00e0 des peintures de par la lumi\u00e8re, la palette et la texture. J\u2019y trouve de la joie et de la satisfaction.<\/p>\n\n\n\n<p><i><strong>-Lien hypertexte vers le site internet o\u00f9 l\u2019on peut te retrouver <\/strong>: <\/i><br><a href=\"https:\/\/www.instagram.com\/freddynamnam\/\">Instagram<\/a><\/p>\n\n\n<div class=\"wp-block-image\">\n<figure class=\"aligncenter size-large\"><a href=\"https:\/\/grain-dpixel.fr\/info\/wp-content\/uploads\/2024\/07\/Fred-JOUARET-Photo.jpg.jpg\"><img fetchpriority=\"high\" decoding=\"async\" width=\"1024\" height=\"732\" src=\"https:\/\/grain-dpixel.fr\/info\/wp-content\/uploads\/2024\/07\/Fred-JOUARET-Photo.jpg-1024x732.jpg\" alt=\"\" class=\"wp-image-15849\" srcset=\"https:\/\/grain-dpixel.fr\/info\/wp-content\/uploads\/2024\/07\/Fred-JOUARET-Photo.jpg-1024x732.jpg 1024w, https:\/\/grain-dpixel.fr\/info\/wp-content\/uploads\/2024\/07\/Fred-JOUARET-Photo.jpg-300x214.jpg 300w, https:\/\/grain-dpixel.fr\/info\/wp-content\/uploads\/2024\/07\/Fred-JOUARET-Photo.jpg-768x549.jpg 768w, https:\/\/grain-dpixel.fr\/info\/wp-content\/uploads\/2024\/07\/Fred-JOUARET-Photo.jpg-1536x1097.jpg 1536w, https:\/\/grain-dpixel.fr\/info\/wp-content\/uploads\/2024\/07\/Fred-JOUARET-Photo.jpg.jpg 2048w\" sizes=\"(max-width: 1024px) 100vw, 1024px\" \/><\/a><\/figure><\/div>\n\n<div class=\"wp-block-image\">\n<figure class=\"aligncenter size-full\"><a href=\"https:\/\/grain-dpixel.fr\/info\/wp-content\/uploads\/2024\/07\/Bandeau-sponsors-fB-et-site-2024-828-x-315.jpg\"><img decoding=\"async\" width=\"828\" height=\"315\" src=\"https:\/\/grain-dpixel.fr\/info\/wp-content\/uploads\/2024\/07\/Bandeau-sponsors-fB-et-site-2024-828-x-315.jpg\" alt=\"\" class=\"wp-image-16030\" srcset=\"https:\/\/grain-dpixel.fr\/info\/wp-content\/uploads\/2024\/07\/Bandeau-sponsors-fB-et-site-2024-828-x-315.jpg 828w, https:\/\/grain-dpixel.fr\/info\/wp-content\/uploads\/2024\/07\/Bandeau-sponsors-fB-et-site-2024-828-x-315-300x114.jpg 300w, https:\/\/grain-dpixel.fr\/info\/wp-content\/uploads\/2024\/07\/Bandeau-sponsors-fB-et-site-2024-828-x-315-768x292.jpg 768w\" sizes=\"(max-width: 828px) 100vw, 828px\" \/><\/a><\/figure><\/div>","protected":false},"excerpt":{"rendered":"<p>Exposition au \u00ab\u00a0Mus\u00e9e des Maisons Comtoises\u00a0\u00bb de Nancray, du 28 septembre au 13 octobre Acc\u00e8s au mus\u00e9e payantdu lundi au samedi de 13h00 \u00e0 18h00Les dimanches et jours f\u00e9ri\u00e9s de [&hellip;]<\/p>\n","protected":false},"author":76,"featured_media":15849,"comment_status":"open","ping_status":"open","sticky":false,"template":"","format":"standard","meta":{"_bbp_topic_count":0,"_bbp_reply_count":0,"_bbp_total_topic_count":0,"_bbp_total_reply_count":0,"_bbp_voice_count":0,"_bbp_anonymous_reply_count":0,"_bbp_topic_count_hidden":0,"_bbp_reply_count_hidden":0,"_bbp_forum_subforum_count":0,"_monsterinsights_skip_tracking":false,"_monsterinsights_sitenote_active":false,"_monsterinsights_sitenote_note":"","_monsterinsights_sitenote_category":0,"_jetpack_memberships_contains_paid_content":false,"footnotes":""},"categories":[56,221,236],"tags":[],"class_list":["post-16101","post","type-post","status-publish","format-standard","has-post-thumbnail","hentry","category-festival","category-festival-2024","category-interviews-2024"],"jetpack_featured_media_url":"https:\/\/grain-dpixel.fr\/info\/wp-content\/uploads\/2024\/07\/Fred-JOUARET-Photo.jpg.jpg","jetpack_sharing_enabled":true,"_links":{"self":[{"href":"https:\/\/grain-dpixel.fr\/info\/wp-json\/wp\/v2\/posts\/16101","targetHints":{"allow":["GET"]}}],"collection":[{"href":"https:\/\/grain-dpixel.fr\/info\/wp-json\/wp\/v2\/posts"}],"about":[{"href":"https:\/\/grain-dpixel.fr\/info\/wp-json\/wp\/v2\/types\/post"}],"author":[{"embeddable":true,"href":"https:\/\/grain-dpixel.fr\/info\/wp-json\/wp\/v2\/users\/76"}],"replies":[{"embeddable":true,"href":"https:\/\/grain-dpixel.fr\/info\/wp-json\/wp\/v2\/comments?post=16101"}],"version-history":[{"count":2,"href":"https:\/\/grain-dpixel.fr\/info\/wp-json\/wp\/v2\/posts\/16101\/revisions"}],"predecessor-version":[{"id":16282,"href":"https:\/\/grain-dpixel.fr\/info\/wp-json\/wp\/v2\/posts\/16101\/revisions\/16282"}],"wp:featuredmedia":[{"embeddable":true,"href":"https:\/\/grain-dpixel.fr\/info\/wp-json\/wp\/v2\/media\/15849"}],"wp:attachment":[{"href":"https:\/\/grain-dpixel.fr\/info\/wp-json\/wp\/v2\/media?parent=16101"}],"wp:term":[{"taxonomy":"category","embeddable":true,"href":"https:\/\/grain-dpixel.fr\/info\/wp-json\/wp\/v2\/categories?post=16101"},{"taxonomy":"post_tag","embeddable":true,"href":"https:\/\/grain-dpixel.fr\/info\/wp-json\/wp\/v2\/tags?post=16101"}],"curies":[{"name":"wp","href":"https:\/\/api.w.org\/{rel}","templated":true}]}}