{"id":16015,"date":"2024-09-08T06:00:00","date_gmt":"2024-09-08T04:00:00","guid":{"rendered":"https:\/\/grain-dpixel.fr\/info\/?p=16015"},"modified":"2024-09-30T18:31:36","modified_gmt":"2024-09-30T16:31:36","slug":"interview-dhelene-hubert","status":"publish","type":"post","link":"https:\/\/grain-dpixel.fr\/info\/interview-dhelene-hubert\/","title":{"rendered":"Interview de Carr\u00e9eBarr\u00e9e"},"content":{"rendered":"\n<h3 class=\"wp-block-heading has-text-align-center\">Exposition \u00e0 \u00ab\u00a0la Maison de quartier de Montrapon\u00a0\u00bb du 28 septembre au 18 octobre<\/h3>\n\n\n\n<p class=\"has-small-font-size\">du lundi au vendredi de 9h00 \u00e0 12h00 et de 14h00 \u00e0 18h00<\/p>\n\n\n\n<p class=\"has-text-align-justify\"><i><strong>&#8211; Quelques mots pour te pr\u00e9senter :<\/strong><\/i><br>Je m\u2019appelle H\u00e9l\u00e8ne Hubert (aka Carr\u00e9eBarr\u00e9e). &nbsp;J\u2019ai 35 ans. Je suis belge d\u2019origine et bisontine depuis quelques ann\u00e9es. En plus de la photo, je suis chanteuse-bassiste dans un groupe de rock. Je r\u00e9alise aussi des dessins abstraits et, plus rarement, des peintures.<\/p>\n\n\n\n<p class=\"has-text-align-justify\"><em><strong>&#8211; Quand et comment as-tu d\u00e9but\u00e9 en photo\u202f? Qu\u2019est-ce qu\u2019elle repr\u00e9sente pour toi\u202f?<\/strong><\/em><br>J\u2019ai commenc\u00e9 la photo \u00e0 l\u2019adolescence. Mes parents en ont toujours fait, il \u00e9tait donc facile et naturel pour moi d\u2019avoir un appareil \u00e0 la main. Ma pratique s\u2019est affin\u00e9e lors de mes cours de photo durant mes \u00e9tudes en communications sociales. Ensuite, j\u2019ai \u00e9t\u00e9 scripte cin\u00e9ma ce qui a \u00e9galement contribu\u00e9 \u00e0 faire \u00e9voluer mon regard, pour enfin commencer \u00e0 fr\u00e9quenter tr\u00e8s r\u00e9guli\u00e8rement les disquaires o\u00f9 je me suis nourrie des pochettes d\u2019albums. Cela m\u2019a permis d\u2019aller vers une d\u00e9marche instinctive et plus ouverte de la photo. Depuis, j\u2019ai choisi principalement ce prisme comme approche et je ne m\u2019arr\u00eate plus, c\u2019est devenu un besoin et une source de satisfaction continue.<\/p>\n\n\n\n<p class=\"has-text-align-justify\"><strong><em>&#8211; De quoi parle ton exposition ?<\/em>&nbsp;<\/strong><br>Il s\u2019agit justement d\u2019une partie de mes pochettes d\u2019albums potentielles et je proposerai \u00e0 qui le souhaite de partager ses impressions, sa musique per\u00e7ue.<\/p>\n\n\n\n<p class=\"has-text-align-justify\"><strong><em>&#8211; En g\u00e9n\u00e9ral, quels sont les sujets qui t\u2019int\u00e9ressent\u202f? Qu\u2019est-ce que tu y cherches, y trouves\u202f?<\/em>&nbsp;<\/strong><br>Je me laisse guider par ce que je vois, souvent attir\u00e9e par les mati\u00e8res, les couleurs, les contrastes, le jeu des ombres et des reflets, les \u00e9l\u00e9ments graphiques. J\u2019aime voir quelque chose d\u2019int\u00e9ressant dans des petites choses qui composent notre quotidien et auxquelles on ne fait pas forc\u00e9ment attention, en leur donnant \u00e9ventuellement la possibilit\u00e9 de nouvelles interpr\u00e9tations, d\u2019une nouvelle po\u00e9sie.<\/p>\n\n\n\n<p><i><strong>-Lien hypertexte vers le site internet o\u00f9 l\u2019on peut te retrouver <\/strong>: <\/i><br><a href=\"https:\/\/www.carreebarree.com\/\">https:\/\/www.carreebarree.com\/<\/a><\/p>\n\n\n<div class=\"wp-block-image\">\n<figure class=\"aligncenter size-large\"><a href=\"https:\/\/grain-dpixel.fr\/info\/wp-content\/uploads\/2024\/07\/Helene-HUBERT-Photo-signature-1-scaled.jpg\"><img fetchpriority=\"high\" decoding=\"async\" width=\"1024\" height=\"1024\" src=\"https:\/\/grain-dpixel.fr\/info\/wp-content\/uploads\/2024\/07\/Helene-HUBERT-Photo-signature-1-1024x1024.jpg\" alt=\"\" class=\"wp-image-16017\" srcset=\"https:\/\/grain-dpixel.fr\/info\/wp-content\/uploads\/2024\/07\/Helene-HUBERT-Photo-signature-1-1024x1024.jpg 1024w, https:\/\/grain-dpixel.fr\/info\/wp-content\/uploads\/2024\/07\/Helene-HUBERT-Photo-signature-1-300x300.jpg 300w, https:\/\/grain-dpixel.fr\/info\/wp-content\/uploads\/2024\/07\/Helene-HUBERT-Photo-signature-1-150x150.jpg 150w, https:\/\/grain-dpixel.fr\/info\/wp-content\/uploads\/2024\/07\/Helene-HUBERT-Photo-signature-1-768x768.jpg 768w, https:\/\/grain-dpixel.fr\/info\/wp-content\/uploads\/2024\/07\/Helene-HUBERT-Photo-signature-1-1536x1536.jpg 1536w, https:\/\/grain-dpixel.fr\/info\/wp-content\/uploads\/2024\/07\/Helene-HUBERT-Photo-signature-1-2048x2048.jpg 2048w\" sizes=\"(max-width: 1024px) 100vw, 1024px\" \/><\/a><\/figure><\/div>\n\n<div class=\"wp-block-image\">\n<figure class=\"aligncenter size-full\"><a href=\"https:\/\/grain-dpixel.fr\/info\/wp-content\/uploads\/2024\/07\/Bandeau-sponsors-fB-et-site-2024-828-x-315.jpg\"><img decoding=\"async\" width=\"828\" height=\"315\" src=\"https:\/\/grain-dpixel.fr\/info\/wp-content\/uploads\/2024\/07\/Bandeau-sponsors-fB-et-site-2024-828-x-315.jpg\" alt=\"\" class=\"wp-image-16030\" srcset=\"https:\/\/grain-dpixel.fr\/info\/wp-content\/uploads\/2024\/07\/Bandeau-sponsors-fB-et-site-2024-828-x-315.jpg 828w, https:\/\/grain-dpixel.fr\/info\/wp-content\/uploads\/2024\/07\/Bandeau-sponsors-fB-et-site-2024-828-x-315-300x114.jpg 300w, https:\/\/grain-dpixel.fr\/info\/wp-content\/uploads\/2024\/07\/Bandeau-sponsors-fB-et-site-2024-828-x-315-768x292.jpg 768w\" sizes=\"(max-width: 828px) 100vw, 828px\" \/><\/a><\/figure><\/div>","protected":false},"excerpt":{"rendered":"<p>Exposition \u00e0 \u00ab\u00a0la Maison de quartier de Montrapon\u00a0\u00bb du 28 septembre au 18 octobre du lundi au vendredi de 9h00 \u00e0 12h00 et de 14h00 \u00e0 18h00 &#8211; Quelques mots [&hellip;]<\/p>\n","protected":false},"author":76,"featured_media":16017,"comment_status":"open","ping_status":"open","sticky":false,"template":"","format":"standard","meta":{"_bbp_topic_count":0,"_bbp_reply_count":0,"_bbp_total_topic_count":0,"_bbp_total_reply_count":0,"_bbp_voice_count":0,"_bbp_anonymous_reply_count":0,"_bbp_topic_count_hidden":0,"_bbp_reply_count_hidden":0,"_bbp_forum_subforum_count":0,"_monsterinsights_skip_tracking":false,"_monsterinsights_sitenote_active":false,"_monsterinsights_sitenote_note":"","_monsterinsights_sitenote_category":0,"_jetpack_memberships_contains_paid_content":false,"footnotes":""},"categories":[56,221,236],"tags":[],"class_list":["post-16015","post","type-post","status-publish","format-standard","has-post-thumbnail","hentry","category-festival","category-festival-2024","category-interviews-2024"],"jetpack_featured_media_url":"https:\/\/grain-dpixel.fr\/info\/wp-content\/uploads\/2024\/07\/Helene-HUBERT-Photo-signature-1-scaled.jpg","jetpack_sharing_enabled":true,"_links":{"self":[{"href":"https:\/\/grain-dpixel.fr\/info\/wp-json\/wp\/v2\/posts\/16015","targetHints":{"allow":["GET"]}}],"collection":[{"href":"https:\/\/grain-dpixel.fr\/info\/wp-json\/wp\/v2\/posts"}],"about":[{"href":"https:\/\/grain-dpixel.fr\/info\/wp-json\/wp\/v2\/types\/post"}],"author":[{"embeddable":true,"href":"https:\/\/grain-dpixel.fr\/info\/wp-json\/wp\/v2\/users\/76"}],"replies":[{"embeddable":true,"href":"https:\/\/grain-dpixel.fr\/info\/wp-json\/wp\/v2\/comments?post=16015"}],"version-history":[{"count":4,"href":"https:\/\/grain-dpixel.fr\/info\/wp-json\/wp\/v2\/posts\/16015\/revisions"}],"predecessor-version":[{"id":16292,"href":"https:\/\/grain-dpixel.fr\/info\/wp-json\/wp\/v2\/posts\/16015\/revisions\/16292"}],"wp:featuredmedia":[{"embeddable":true,"href":"https:\/\/grain-dpixel.fr\/info\/wp-json\/wp\/v2\/media\/16017"}],"wp:attachment":[{"href":"https:\/\/grain-dpixel.fr\/info\/wp-json\/wp\/v2\/media?parent=16015"}],"wp:term":[{"taxonomy":"category","embeddable":true,"href":"https:\/\/grain-dpixel.fr\/info\/wp-json\/wp\/v2\/categories?post=16015"},{"taxonomy":"post_tag","embeddable":true,"href":"https:\/\/grain-dpixel.fr\/info\/wp-json\/wp\/v2\/tags?post=16015"}],"curies":[{"name":"wp","href":"https:\/\/api.w.org\/{rel}","templated":true}]}}