{"id":15938,"date":"2024-08-23T06:00:53","date_gmt":"2024-08-23T04:00:53","guid":{"rendered":"https:\/\/grain-dpixel.fr\/info\/?p=15938"},"modified":"2024-08-23T08:21:12","modified_gmt":"2024-08-23T06:21:12","slug":"interview-de-vincent-gautier","status":"publish","type":"post","link":"https:\/\/grain-dpixel.fr\/info\/interview-de-vincent-gautier\/","title":{"rendered":"Interview de Vincent GAUTIER"},"content":{"rendered":"\n<h3 class=\"wp-block-heading has-text-align-center\">Exposition au Kursaal les 28 et 29 septembre 2024 &#8211; de 10h \u00e0 18h<\/h3>\n\n\n\n<p class=\"has-text-align-justify\"><i><strong>&#8211; Quelques mots pour te pr\u00e9senter :<\/strong><\/i><br>Homo photographicus, au mitan de sa date limite de consommation, observateur et distanci\u00e9, volontiers ironique, tentant de produire des images aussi sensibles que les grains d\u2019argent sur lesquels elles se fixent. J\u2019\u00e9voque plut\u00f4t que je ne raconte, je r\u00e9ponds aux lumi\u00e8res plut\u00f4t qu\u2019aux sc\u00e8nes, dans l\u2019espoir de transmettre un semblant de po\u00e9sie.<\/p>\n\n\n\n<p class=\"has-text-align-justify\"><em><strong>&#8211; Quand et comment as-tu d\u00e9but\u00e9 en photo\u202f? Qu\u2019est-ce qu\u2019elle repr\u00e9sente pour toi\u202f?<\/strong><\/em><br>Arm\u00e9 du vieux Canon FT QL de mon p\u00e8re, j\u2019ai commenc\u00e9 la photo il y a 20 ans dans un club qui n\u2019avait pas encore entam\u00e9 le virage num\u00e9rique. C\u00e9dant \u00e0 mes penchants touche-\u00e0-tout et insatiable, j\u2019ai exp\u00e9riment\u00e9 maint mediums et formats avant de revenir \u00e0 mes premi\u00e8res amours&nbsp;: la photo noir et blanc argentique. Je vois la photographie comme un d\u00e9fi&nbsp;: composer \u00e0 partir du r\u00e9el, pointer un objectif sur le monde et projeter sur la pellicule une fen\u00eatre vers un univers personnel.<\/p>\n\n\n\n<p class=\"has-text-align-justify\"><strong><em>&#8211; De quoi parle ton exposition ?<\/em>&nbsp;<\/strong><br>Fascin\u00e9 par la lumi\u00e8re d\u2019un atelier d\u2019auto-r\u00e9paration de v\u00e9lo, je l\u2019ai photographi\u00e9 pendant un an, pour retranscrire son atmosph\u00e8re, ses odeurs, sa vie avec ses occupants. M\u00e9caniques us\u00e9es, portraits spontan\u00e9s, pi\u00e8ces entass\u00e9es, ambiances de travail&#8230; L\u2019absurdit\u00e9 et la po\u00e9sie des accumulations, sympt\u00f4mes de l&rsquo;\u00e9ph\u00e9m\u00e8re des choses manufactur\u00e9es que nous consid\u00e9rons p\u00e9rim\u00e9es et que l\u2019atelier s&#8217;emploie \u00e0 r\u00e9utiliser. Au-del\u00e0 de l&rsquo;esth\u00e9tique, \u00ab&nbsp;De cambouis et de lumi\u00e8re&nbsp;\u00bb est un hommage \u00e0 l&rsquo;esprit du lieu&nbsp;: l&rsquo;entraide, la d\u00e9brouille, la r\u00e9cup. C\u2019est un carnet d\u2019ambiance, un huis-clos entre sensibilit\u00e9 et distance, l&rsquo;humain et la m\u00e9canique, la caresse des lumi\u00e8res sur l&rsquo;acier et les \u00eatres.<\/p>\n\n\n\n<p class=\"has-text-align-justify\"><strong><em>&#8211; En g\u00e9n\u00e9ral, quels sont les sujets qui t\u2019int\u00e9ressent\u202f? Qu\u2019est-ce que tu y cherches, y trouves\u202f?<\/em>&nbsp;<\/strong><br>Sans sujet de pr\u00e9dilection, je photographie \u00e0 l\u2019instinct, le quotidien, les contrastes, les juxtapositions, ce qui \u00e9chappe \u00e0 nos regards inattentifs. Mes photos sont le plus souvent issues d\u2019errances urbaines, parfois champ\u00eatres, sans savoir ce que je cherche, ni ce que je vais trouver. Je sais seulement que chaque \u00e9tape d\u2019une prise de vue&nbsp;: l\u2019observation, le cadrage, le d\u00e9clenchement, le d\u00e9veloppement&#8230; me remplit d\u2019un sentiment d\u2019accomplissement dont je ne saurais plus me passer.<\/p>\n\n\n\n<p><i><strong>-Lien hypertexte vers le site internet o\u00f9 l\u2019on peut te retrouver <\/strong>: <\/i><br><a href=\"http:\/\/www.egocyte.net\" data-type=\"link\" data-id=\"https:\/\/alineroussel.com\/\" target=\"_blank\" rel=\"noreferrer noopener\">www.egocyte.net<\/a><\/p>\n\n\n\n<figure class=\"wp-block-image size-large\"><a href=\"https:\/\/grain-dpixel.fr\/info\/wp-content\/uploads\/2024\/07\/Vincent-GAUTIER-Photo-signature.jpg\"><img fetchpriority=\"high\" decoding=\"async\" width=\"1024\" height=\"1024\" src=\"https:\/\/grain-dpixel.fr\/info\/wp-content\/uploads\/2024\/07\/Vincent-GAUTIER-Photo-signature-1024x1024.jpg\" alt=\"\" class=\"wp-image-15939\" srcset=\"https:\/\/grain-dpixel.fr\/info\/wp-content\/uploads\/2024\/07\/Vincent-GAUTIER-Photo-signature-1024x1024.jpg 1024w, https:\/\/grain-dpixel.fr\/info\/wp-content\/uploads\/2024\/07\/Vincent-GAUTIER-Photo-signature-300x300.jpg 300w, https:\/\/grain-dpixel.fr\/info\/wp-content\/uploads\/2024\/07\/Vincent-GAUTIER-Photo-signature-150x150.jpg 150w, https:\/\/grain-dpixel.fr\/info\/wp-content\/uploads\/2024\/07\/Vincent-GAUTIER-Photo-signature-768x768.jpg 768w, https:\/\/grain-dpixel.fr\/info\/wp-content\/uploads\/2024\/07\/Vincent-GAUTIER-Photo-signature-1536x1536.jpg 1536w, https:\/\/grain-dpixel.fr\/info\/wp-content\/uploads\/2024\/07\/Vincent-GAUTIER-Photo-signature.jpg 2048w\" sizes=\"(max-width: 1024px) 100vw, 1024px\" \/><\/a><\/figure>\n\n\n<div class=\"wp-block-image\">\n<figure class=\"aligncenter size-full\"><a href=\"https:\/\/grain-dpixel.fr\/info\/wp-content\/uploads\/2024\/07\/Bandeau-sponsors-fB-et-site-2024-828-x-315.jpg\"><img decoding=\"async\" width=\"828\" height=\"315\" src=\"https:\/\/grain-dpixel.fr\/info\/wp-content\/uploads\/2024\/07\/Bandeau-sponsors-fB-et-site-2024-828-x-315.jpg\" alt=\"\" class=\"wp-image-16030\" srcset=\"https:\/\/grain-dpixel.fr\/info\/wp-content\/uploads\/2024\/07\/Bandeau-sponsors-fB-et-site-2024-828-x-315.jpg 828w, https:\/\/grain-dpixel.fr\/info\/wp-content\/uploads\/2024\/07\/Bandeau-sponsors-fB-et-site-2024-828-x-315-300x114.jpg 300w, https:\/\/grain-dpixel.fr\/info\/wp-content\/uploads\/2024\/07\/Bandeau-sponsors-fB-et-site-2024-828-x-315-768x292.jpg 768w\" sizes=\"(max-width: 828px) 100vw, 828px\" \/><\/a><\/figure><\/div>","protected":false},"excerpt":{"rendered":"<p>Exposition au Kursaal les 28 et 29 septembre 2024 &#8211; de 10h \u00e0 18h &#8211; Quelques mots pour te pr\u00e9senter :Homo photographicus, au mitan de sa date limite de consommation, [&hellip;]<\/p>\n","protected":false},"author":76,"featured_media":15939,"comment_status":"open","ping_status":"open","sticky":false,"template":"","format":"standard","meta":{"_bbp_topic_count":0,"_bbp_reply_count":0,"_bbp_total_topic_count":0,"_bbp_total_reply_count":0,"_bbp_voice_count":0,"_bbp_anonymous_reply_count":0,"_bbp_topic_count_hidden":0,"_bbp_reply_count_hidden":0,"_bbp_forum_subforum_count":0,"_monsterinsights_skip_tracking":false,"_monsterinsights_sitenote_active":false,"_monsterinsights_sitenote_note":"","_monsterinsights_sitenote_category":0,"_jetpack_memberships_contains_paid_content":false,"footnotes":""},"categories":[56,221,236],"tags":[],"class_list":["post-15938","post","type-post","status-publish","format-standard","has-post-thumbnail","hentry","category-festival","category-festival-2024","category-interviews-2024"],"jetpack_featured_media_url":"https:\/\/grain-dpixel.fr\/info\/wp-content\/uploads\/2024\/07\/Vincent-GAUTIER-Photo-signature.jpg","jetpack_sharing_enabled":true,"_links":{"self":[{"href":"https:\/\/grain-dpixel.fr\/info\/wp-json\/wp\/v2\/posts\/15938","targetHints":{"allow":["GET"]}}],"collection":[{"href":"https:\/\/grain-dpixel.fr\/info\/wp-json\/wp\/v2\/posts"}],"about":[{"href":"https:\/\/grain-dpixel.fr\/info\/wp-json\/wp\/v2\/types\/post"}],"author":[{"embeddable":true,"href":"https:\/\/grain-dpixel.fr\/info\/wp-json\/wp\/v2\/users\/76"}],"replies":[{"embeddable":true,"href":"https:\/\/grain-dpixel.fr\/info\/wp-json\/wp\/v2\/comments?post=15938"}],"version-history":[{"count":2,"href":"https:\/\/grain-dpixel.fr\/info\/wp-json\/wp\/v2\/posts\/15938\/revisions"}],"predecessor-version":[{"id":16073,"href":"https:\/\/grain-dpixel.fr\/info\/wp-json\/wp\/v2\/posts\/15938\/revisions\/16073"}],"wp:featuredmedia":[{"embeddable":true,"href":"https:\/\/grain-dpixel.fr\/info\/wp-json\/wp\/v2\/media\/15939"}],"wp:attachment":[{"href":"https:\/\/grain-dpixel.fr\/info\/wp-json\/wp\/v2\/media?parent=15938"}],"wp:term":[{"taxonomy":"category","embeddable":true,"href":"https:\/\/grain-dpixel.fr\/info\/wp-json\/wp\/v2\/categories?post=15938"},{"taxonomy":"post_tag","embeddable":true,"href":"https:\/\/grain-dpixel.fr\/info\/wp-json\/wp\/v2\/tags?post=15938"}],"curies":[{"name":"wp","href":"https:\/\/api.w.org\/{rel}","templated":true}]}}