{"id":14972,"date":"2023-10-20T06:00:00","date_gmt":"2023-10-20T04:00:00","guid":{"rendered":"https:\/\/grain-dpixel.fr\/info\/?p=14972"},"modified":"2023-10-14T09:25:57","modified_gmt":"2023-10-14T07:25:57","slug":"interview-de-jeremie-sahler","status":"publish","type":"post","link":"https:\/\/grain-dpixel.fr\/info\/interview-de-jeremie-sahler\/","title":{"rendered":"Interview de J\u00e9r\u00e9mie SAHLER"},"content":{"rendered":"\n<h3 class=\"wp-block-heading has-text-align-center\">Exposition au centre Nelson MANDELA du 7 au 28 octobre<\/h3>\n\n\n\n<p class=\"has-small-font-size\">Du lundi au vendredi de 9h \u00e0 12h et de 14h \u00e0 18h \/ samedi de 10h \u00e0 12h et de 14h \u00e0 18h<\/p>\n\n\n\n<p><i><strong>&#8211; Quelques mots pour te pr\u00e9senter :<\/strong><\/i><br>Je m\u2019appelle J\u00e9r\u00e9mie Sahler, j\u2019ai 43 ans. Je vis dans la r\u00e9gion bisontine depuis une vingtaine d\u2019ann\u00e9es. Je suis ophtalmologiste install\u00e9 en lib\u00e9ral depuis 10 ans.&nbsp;&nbsp;<\/p>\n\n\n\n<p><em><strong>&#8211; Quand et comment as-tu d\u00e9but\u00e9 en photo\u202f? Qu\u2019est-ce qu\u2019elle repr\u00e9sente pour toi\u202f?<\/strong><\/em><br>Je me suis mis s\u00e9rieusement \u00e0 la photographie en 2019. Elle repr\u00e9sente une passion qui me procure le plaisir de capter l\u2019environnement qui m\u2019entoure.&nbsp;<\/p>\n\n\n\n<p><strong><em>&#8211; De quoi parle ton exposition ?<\/em>&nbsp;<\/strong><br>\u00c9tant passionn\u00e9 de montagne, de ski de randonn\u00e9e, j\u2019ai naturellement associ\u00e9 la photo \u00e0 la montagne. J\u2019y trouve souvent des couleurs fantastiques, cr\u00e9ant des ambiances extraordinaires.<\/p>\n\n\n\n<p><strong><em>&#8211; En g\u00e9n\u00e9ral, quels sont les sujets qui t\u2019int\u00e9ressent\u202f? Qu\u2019est-ce que tu y cherches, y trouves\u202f?<\/em>&nbsp;<\/strong><br>Je suis donc passionn\u00e9 de montagne et tr\u00e8s sportif (v\u00e9lo, marathon) Cela me procure le plaisir \u00e0 la fois de la performance, du d\u00e9passement de soi et de la nature qui m\u2019entoure.<\/p>\n\n\n\n<p><i><strong>-Lien hypertexte vers le site internet o\u00f9 l\u2019on peut te retrouver <\/strong>: <\/i><br>Instagram <a href=\"https:\/\/www.instagram.com\/jerem.shr\/\">jerem.shr<\/a><\/p>\n\n\n<div class=\"wp-block-image\">\n<figure class=\"aligncenter size-large\"><a href=\"https:\/\/grain-dpixel.fr\/info\/wp-content\/uploads\/2023\/08\/Jeremie-SAHLER-photo-signature.jpg\"><img fetchpriority=\"high\" decoding=\"async\" width=\"1024\" height=\"576\" src=\"https:\/\/grain-dpixel.fr\/info\/wp-content\/uploads\/2023\/08\/Jeremie-SAHLER-photo-signature-1024x576.jpg\" alt=\"\" class=\"wp-image-14828\" srcset=\"https:\/\/grain-dpixel.fr\/info\/wp-content\/uploads\/2023\/08\/Jeremie-SAHLER-photo-signature-1024x576.jpg 1024w, https:\/\/grain-dpixel.fr\/info\/wp-content\/uploads\/2023\/08\/Jeremie-SAHLER-photo-signature-300x169.jpg 300w, https:\/\/grain-dpixel.fr\/info\/wp-content\/uploads\/2023\/08\/Jeremie-SAHLER-photo-signature-768x432.jpg 768w, https:\/\/grain-dpixel.fr\/info\/wp-content\/uploads\/2023\/08\/Jeremie-SAHLER-photo-signature-1536x864.jpg 1536w, https:\/\/grain-dpixel.fr\/info\/wp-content\/uploads\/2023\/08\/Jeremie-SAHLER-photo-signature.jpg 2048w\" sizes=\"(max-width: 1024px) 100vw, 1024px\" \/><\/a><\/figure><\/div>\n\n<div class=\"wp-block-image\">\n<figure class=\"aligncenter size-full\"><a href=\"https:\/\/grain-dpixel.fr\/info\/wp-content\/uploads\/2023\/08\/Bandeau-fB-et-site-2023-828-x-315.jpg\"><img decoding=\"async\" width=\"828\" height=\"315\" src=\"https:\/\/grain-dpixel.fr\/info\/wp-content\/uploads\/2023\/08\/Bandeau-fB-et-site-2023-828-x-315.jpg\" alt=\"\" class=\"wp-image-14792\" srcset=\"https:\/\/grain-dpixel.fr\/info\/wp-content\/uploads\/2023\/08\/Bandeau-fB-et-site-2023-828-x-315.jpg 828w, https:\/\/grain-dpixel.fr\/info\/wp-content\/uploads\/2023\/08\/Bandeau-fB-et-site-2023-828-x-315-300x114.jpg 300w, https:\/\/grain-dpixel.fr\/info\/wp-content\/uploads\/2023\/08\/Bandeau-fB-et-site-2023-828-x-315-768x292.jpg 768w\" sizes=\"(max-width: 828px) 100vw, 828px\" \/><\/a><\/figure><\/div>","protected":false},"excerpt":{"rendered":"<p>Exposition au centre Nelson MANDELA du 7 au 28 octobre Du lundi au vendredi de 9h \u00e0 12h et de 14h \u00e0 18h \/ samedi de 10h \u00e0 12h et [&hellip;]<\/p>\n","protected":false},"author":76,"featured_media":14828,"comment_status":"open","ping_status":"open","sticky":false,"template":"","format":"standard","meta":{"_bbp_topic_count":0,"_bbp_reply_count":0,"_bbp_total_topic_count":0,"_bbp_total_reply_count":0,"_bbp_voice_count":0,"_bbp_anonymous_reply_count":0,"_bbp_topic_count_hidden":0,"_bbp_reply_count_hidden":0,"_bbp_forum_subforum_count":0,"_monsterinsights_skip_tracking":false,"_monsterinsights_sitenote_active":false,"_monsterinsights_sitenote_note":"","_monsterinsights_sitenote_category":0,"_jetpack_memberships_contains_paid_content":false,"footnotes":""},"categories":[56,185,197],"tags":[],"class_list":["post-14972","post","type-post","status-publish","format-standard","has-post-thumbnail","hentry","category-festival","category-festival-2023","category-interview-2023"],"jetpack_featured_media_url":"https:\/\/grain-dpixel.fr\/info\/wp-content\/uploads\/2023\/08\/Jeremie-SAHLER-photo-signature.jpg","jetpack_sharing_enabled":true,"_links":{"self":[{"href":"https:\/\/grain-dpixel.fr\/info\/wp-json\/wp\/v2\/posts\/14972","targetHints":{"allow":["GET"]}}],"collection":[{"href":"https:\/\/grain-dpixel.fr\/info\/wp-json\/wp\/v2\/posts"}],"about":[{"href":"https:\/\/grain-dpixel.fr\/info\/wp-json\/wp\/v2\/types\/post"}],"author":[{"embeddable":true,"href":"https:\/\/grain-dpixel.fr\/info\/wp-json\/wp\/v2\/users\/76"}],"replies":[{"embeddable":true,"href":"https:\/\/grain-dpixel.fr\/info\/wp-json\/wp\/v2\/comments?post=14972"}],"version-history":[{"count":2,"href":"https:\/\/grain-dpixel.fr\/info\/wp-json\/wp\/v2\/posts\/14972\/revisions"}],"predecessor-version":[{"id":15118,"href":"https:\/\/grain-dpixel.fr\/info\/wp-json\/wp\/v2\/posts\/14972\/revisions\/15118"}],"wp:featuredmedia":[{"embeddable":true,"href":"https:\/\/grain-dpixel.fr\/info\/wp-json\/wp\/v2\/media\/14828"}],"wp:attachment":[{"href":"https:\/\/grain-dpixel.fr\/info\/wp-json\/wp\/v2\/media?parent=14972"}],"wp:term":[{"taxonomy":"category","embeddable":true,"href":"https:\/\/grain-dpixel.fr\/info\/wp-json\/wp\/v2\/categories?post=14972"},{"taxonomy":"post_tag","embeddable":true,"href":"https:\/\/grain-dpixel.fr\/info\/wp-json\/wp\/v2\/tags?post=14972"}],"curies":[{"name":"wp","href":"https:\/\/api.w.org\/{rel}","templated":true}]}}