{"id":14961,"date":"2023-10-17T06:00:00","date_gmt":"2023-10-17T04:00:00","guid":{"rendered":"https:\/\/grain-dpixel.fr\/info\/?p=14961"},"modified":"2023-09-02T12:25:26","modified_gmt":"2023-09-02T10:25:26","slug":"interview-dantonio-matias-2","status":"publish","type":"post","link":"https:\/\/grain-dpixel.fr\/info\/interview-dantonio-matias-2\/","title":{"rendered":"Interview d&rsquo;Antonio MATIAS"},"content":{"rendered":"\n<h3 class=\"wp-block-heading has-text-align-center\">Exposition \u00e0 HJ les Oiseaux 7 au 29 octobre<\/h3>\n\n\n\n<p class=\"has-small-font-size\">Tous les jours de 10h \u00e0 18h<\/p>\n\n\n\n<p><i><strong>&#8211; Quelques mots pour te pr\u00e9senter :<\/strong><\/i><br>Je m&rsquo;appelle Antonio Matias, j&rsquo;ai 53 ans et je travaille dans le BTP.&nbsp;&nbsp;<\/p>\n\n\n\n<p><em><strong>&#8211; Quand et comment as-tu d\u00e9but\u00e9 en photo\u202f? Qu\u2019est-ce qu\u2019elle repr\u00e9sente pour toi\u202f?<\/strong><\/em><br>J&rsquo;ai toujours aim\u00e9 la photo, mais c&rsquo;est en 2018, suite \u00e0 un petit soucis de sant\u00e9, j\u2019ai pu prendre du temps pour m&rsquo;y int\u00e9resser et \u00e7a a pris de l&rsquo;ampleur et c&rsquo;est devenu un moyen de m\u2019\u00e9vader.&nbsp;<\/p>\n\n\n\n<p><strong><em>&#8211; De quoi parle ton exposition ?<\/em>&nbsp;<\/strong><br>De l&rsquo;usine Rhodiac\u00e9ta, j&rsquo;essaye de montrer un peu de beaut\u00e9 dans la d\u00e9t\u00e9rioration et la d\u00e9solation de ses b\u00e2timents abandonn\u00e9s.<br>Ses b\u00e2timents d\u00e9laiss\u00e9s pendant des ann\u00e9es qui \u00e9voquent une nostalgie et sont dans la m\u00e9moire collective de notre ville.<\/p>\n\n\n\n<p><strong><em>&#8211; En g\u00e9n\u00e9ral, quels sont les sujets qui t\u2019int\u00e9ressent\u202f? Qu\u2019est-ce que tu y cherches, y trouves\u202f?<\/em>&nbsp;<\/strong><br>Je n&rsquo;ai pas vraiment de sujets particuliers, mais j&rsquo;ai quand m\u00eame une pr\u00e9f\u00e9rence pour le noir et blanc et je suis plut\u00f4t \u00e0 la recherche d&rsquo;un c\u00f4t\u00e9 graphique entre l&rsquo;ombre et la lumi\u00e8re.&nbsp;<\/p>\n\n\n\n<p><i><strong>-Lien hypertexte vers le site internet o\u00f9 l\u2019on peut te retrouver <\/strong>: <\/i><br>Instagram <a href=\"https:\/\/www.instagram.com\/parcrhodiaceta\">parcrhodiaceta<\/a><\/p>\n\n\n<div class=\"wp-block-image\">\n<figure class=\"aligncenter size-large\"><a href=\"https:\/\/grain-dpixel.fr\/info\/wp-content\/uploads\/2023\/08\/Antonio-MATIAS-photo-signature.jpg\"><img fetchpriority=\"high\" decoding=\"async\" width=\"1024\" height=\"768\" src=\"https:\/\/grain-dpixel.fr\/info\/wp-content\/uploads\/2023\/08\/Antonio-MATIAS-photo-signature-1024x768.jpg\" alt=\"\" class=\"wp-image-14805\" srcset=\"https:\/\/grain-dpixel.fr\/info\/wp-content\/uploads\/2023\/08\/Antonio-MATIAS-photo-signature-1024x768.jpg 1024w, https:\/\/grain-dpixel.fr\/info\/wp-content\/uploads\/2023\/08\/Antonio-MATIAS-photo-signature-300x225.jpg 300w, https:\/\/grain-dpixel.fr\/info\/wp-content\/uploads\/2023\/08\/Antonio-MATIAS-photo-signature-768x576.jpg 768w, https:\/\/grain-dpixel.fr\/info\/wp-content\/uploads\/2023\/08\/Antonio-MATIAS-photo-signature-1536x1152.jpg 1536w, https:\/\/grain-dpixel.fr\/info\/wp-content\/uploads\/2023\/08\/Antonio-MATIAS-photo-signature.jpg 2048w\" sizes=\"(max-width: 1024px) 100vw, 1024px\" \/><\/a><\/figure><\/div>\n\n<div class=\"wp-block-image\">\n<figure class=\"aligncenter size-full\"><a href=\"https:\/\/grain-dpixel.fr\/info\/wp-content\/uploads\/2023\/08\/Bandeau-fB-et-site-2023-828-x-315.jpg\"><img decoding=\"async\" width=\"828\" height=\"315\" src=\"https:\/\/grain-dpixel.fr\/info\/wp-content\/uploads\/2023\/08\/Bandeau-fB-et-site-2023-828-x-315.jpg\" alt=\"\" class=\"wp-image-14792\" srcset=\"https:\/\/grain-dpixel.fr\/info\/wp-content\/uploads\/2023\/08\/Bandeau-fB-et-site-2023-828-x-315.jpg 828w, https:\/\/grain-dpixel.fr\/info\/wp-content\/uploads\/2023\/08\/Bandeau-fB-et-site-2023-828-x-315-300x114.jpg 300w, https:\/\/grain-dpixel.fr\/info\/wp-content\/uploads\/2023\/08\/Bandeau-fB-et-site-2023-828-x-315-768x292.jpg 768w\" sizes=\"(max-width: 828px) 100vw, 828px\" \/><\/a><\/figure><\/div>","protected":false},"excerpt":{"rendered":"<p>Exposition \u00e0 HJ les Oiseaux 7 au 29 octobre Tous les jours de 10h \u00e0 18h &#8211; Quelques mots pour te pr\u00e9senter :Je m&rsquo;appelle Antonio Matias, j&rsquo;ai 53 ans et [&hellip;]<\/p>\n","protected":false},"author":76,"featured_media":14805,"comment_status":"open","ping_status":"open","sticky":false,"template":"","format":"standard","meta":{"_bbp_topic_count":0,"_bbp_reply_count":0,"_bbp_total_topic_count":0,"_bbp_total_reply_count":0,"_bbp_voice_count":0,"_bbp_anonymous_reply_count":0,"_bbp_topic_count_hidden":0,"_bbp_reply_count_hidden":0,"_bbp_forum_subforum_count":0,"_monsterinsights_skip_tracking":false,"_monsterinsights_sitenote_active":false,"_monsterinsights_sitenote_note":"","_monsterinsights_sitenote_category":0,"_jetpack_memberships_contains_paid_content":false,"footnotes":""},"categories":[56,185,197],"tags":[],"class_list":["post-14961","post","type-post","status-publish","format-standard","has-post-thumbnail","hentry","category-festival","category-festival-2023","category-interview-2023"],"jetpack_featured_media_url":"https:\/\/grain-dpixel.fr\/info\/wp-content\/uploads\/2023\/08\/Antonio-MATIAS-photo-signature.jpg","jetpack_sharing_enabled":true,"_links":{"self":[{"href":"https:\/\/grain-dpixel.fr\/info\/wp-json\/wp\/v2\/posts\/14961","targetHints":{"allow":["GET"]}}],"collection":[{"href":"https:\/\/grain-dpixel.fr\/info\/wp-json\/wp\/v2\/posts"}],"about":[{"href":"https:\/\/grain-dpixel.fr\/info\/wp-json\/wp\/v2\/types\/post"}],"author":[{"embeddable":true,"href":"https:\/\/grain-dpixel.fr\/info\/wp-json\/wp\/v2\/users\/76"}],"replies":[{"embeddable":true,"href":"https:\/\/grain-dpixel.fr\/info\/wp-json\/wp\/v2\/comments?post=14961"}],"version-history":[{"count":3,"href":"https:\/\/grain-dpixel.fr\/info\/wp-json\/wp\/v2\/posts\/14961\/revisions"}],"predecessor-version":[{"id":15001,"href":"https:\/\/grain-dpixel.fr\/info\/wp-json\/wp\/v2\/posts\/14961\/revisions\/15001"}],"wp:featuredmedia":[{"embeddable":true,"href":"https:\/\/grain-dpixel.fr\/info\/wp-json\/wp\/v2\/media\/14805"}],"wp:attachment":[{"href":"https:\/\/grain-dpixel.fr\/info\/wp-json\/wp\/v2\/media?parent=14961"}],"wp:term":[{"taxonomy":"category","embeddable":true,"href":"https:\/\/grain-dpixel.fr\/info\/wp-json\/wp\/v2\/categories?post=14961"},{"taxonomy":"post_tag","embeddable":true,"href":"https:\/\/grain-dpixel.fr\/info\/wp-json\/wp\/v2\/tags?post=14961"}],"curies":[{"name":"wp","href":"https:\/\/api.w.org\/{rel}","templated":true}]}}