{"id":14906,"date":"2023-09-18T06:00:00","date_gmt":"2023-09-18T04:00:00","guid":{"rendered":"https:\/\/grain-dpixel.fr\/info\/?p=14906"},"modified":"2023-09-01T18:39:45","modified_gmt":"2023-09-01T16:39:45","slug":"interview-de-mirella-noviello","status":"publish","type":"post","link":"https:\/\/grain-dpixel.fr\/info\/interview-de-mirella-noviello\/","title":{"rendered":"Interview de Mirella NOVIELLO"},"content":{"rendered":"\n<h3 class=\"wp-block-heading has-text-align-center\">Exposition au Kursaal les 7 et 8 octobre 2023 &#8211; de 10h \u00e0 18h<\/h3>\n\n\n\n<p><i><strong>&#8211; Quelques mots pour te pr\u00e9senter :<\/strong><\/i><br>Je m\u2019appelle Mirella Noviello (46 ans \u00e0 ce jour), micro-entrepreneuse dans la photographie depuis janvier 2020.\u00a0<\/p>\n\n\n\n<p><em><strong>&#8211; Quand et comment as-tu d\u00e9but\u00e9 en photo\u202f? Qu\u2019est-ce qu\u2019elle repr\u00e9sente pour toi\u202f?<\/strong><\/em><br>J\u2019ai commenc\u00e9 dans la photographie argentique, avec un dipl\u00f4me obtenu en 2000 \u00e0 Marseille, pour me former, 14 ans plus tard dans l\u2019Aude, \u00e0 l\u2019image num\u00e9rique. La photographie est, pour moi, la repr\u00e9sentation parfaite d\u2019une joailli\u00e8re au service du temps et de la vie. Je la pratique avec un mat\u00e9riel assez modeste, mais robuste et fid\u00e8le, qui force ma cr\u00e9ativit\u00e9.\u00a0<\/p>\n\n\n\n<p><strong><em>&#8211; De quoi parle ton exposition ?<\/em>\u00a0<\/strong><br>Mon exposition raconte des moments, parfois complices, pioch\u00e9s dans l\u2019univers des enfants.<\/p>\n\n\n\n<p><strong><em>&#8211; En g\u00e9n\u00e9ral, quels sont les sujets qui t\u2019int\u00e9ressent\u202f? Qu\u2019est-ce que tu y cherches, y trouves\u202f?<\/em>\u00a0<\/strong><br>Impr\u00e9gn\u00e9e et admirative des travaux de Mr Depardon, de la d\u00e9marche de Mr Koudelka ou encore de l\u2019approche de Mr Michals\u2026 je suis naturellement orient\u00e9e vers l\u2019humain et son parcours o\u00f9, avec la photographie, je cherche \u00e0 installer un temps de partage et y trouver de la po\u00e9sie.\u00a0<\/p>\n\n\n\n<p><i><strong>-Lien hypertexte vers le site internet o\u00f9 l\u2019on peut te retrouver <\/strong>: <\/i><br><a rel=\"noreferrer noopener\" href=\"https:\/\/lumimia.fr\/\" target=\"_blank\">Lumimia.fr<\/a>\u202f\u00a0<\/p>\n\n\n\n<figure class=\"wp-block-image size-large\"><a href=\"https:\/\/grain-dpixel.fr\/info\/wp-content\/uploads\/2023\/08\/Mirella-NOVIELLO-Photo-signature-scaled.jpg\"><img fetchpriority=\"high\" decoding=\"async\" width=\"1024\" height=\"683\" src=\"https:\/\/grain-dpixel.fr\/info\/wp-content\/uploads\/2023\/08\/Mirella-NOVIELLO-Photo-signature-1024x683.jpg\" alt=\"\" class=\"wp-image-14838\" srcset=\"https:\/\/grain-dpixel.fr\/info\/wp-content\/uploads\/2023\/08\/Mirella-NOVIELLO-Photo-signature-1024x683.jpg 1024w, https:\/\/grain-dpixel.fr\/info\/wp-content\/uploads\/2023\/08\/Mirella-NOVIELLO-Photo-signature-300x200.jpg 300w, https:\/\/grain-dpixel.fr\/info\/wp-content\/uploads\/2023\/08\/Mirella-NOVIELLO-Photo-signature-768x512.jpg 768w\" sizes=\"(max-width: 1024px) 100vw, 1024px\" \/><\/a><\/figure>\n\n\n<div class=\"wp-block-image\">\n<figure class=\"aligncenter size-full\"><a href=\"https:\/\/grain-dpixel.fr\/info\/wp-content\/uploads\/2023\/08\/Bandeau-fB-et-site-2023-828-x-315.jpg\"><img decoding=\"async\" width=\"828\" height=\"315\" src=\"https:\/\/grain-dpixel.fr\/info\/wp-content\/uploads\/2023\/08\/Bandeau-fB-et-site-2023-828-x-315.jpg\" alt=\"\" class=\"wp-image-14792\" srcset=\"https:\/\/grain-dpixel.fr\/info\/wp-content\/uploads\/2023\/08\/Bandeau-fB-et-site-2023-828-x-315.jpg 828w, https:\/\/grain-dpixel.fr\/info\/wp-content\/uploads\/2023\/08\/Bandeau-fB-et-site-2023-828-x-315-300x114.jpg 300w, https:\/\/grain-dpixel.fr\/info\/wp-content\/uploads\/2023\/08\/Bandeau-fB-et-site-2023-828-x-315-768x292.jpg 768w\" sizes=\"(max-width: 828px) 100vw, 828px\" \/><\/a><\/figure><\/div>","protected":false},"excerpt":{"rendered":"<p>Exposition au Kursaal les 7 et 8 octobre 2023 &#8211; de 10h \u00e0 18h &#8211; Quelques mots pour te pr\u00e9senter :Je m\u2019appelle Mirella Noviello (46 ans \u00e0 ce jour), micro-entrepreneuse [&hellip;]<\/p>\n","protected":false},"author":76,"featured_media":14838,"comment_status":"open","ping_status":"open","sticky":false,"template":"","format":"standard","meta":{"_bbp_topic_count":0,"_bbp_reply_count":0,"_bbp_total_topic_count":0,"_bbp_total_reply_count":0,"_bbp_voice_count":0,"_bbp_anonymous_reply_count":0,"_bbp_topic_count_hidden":0,"_bbp_reply_count_hidden":0,"_bbp_forum_subforum_count":0,"_monsterinsights_skip_tracking":false,"_monsterinsights_sitenote_active":false,"_monsterinsights_sitenote_note":"","_monsterinsights_sitenote_category":0,"_jetpack_memberships_contains_paid_content":false,"footnotes":""},"categories":[56,185,197],"tags":[],"class_list":["post-14906","post","type-post","status-publish","format-standard","has-post-thumbnail","hentry","category-festival","category-festival-2023","category-interview-2023"],"jetpack_featured_media_url":"https:\/\/grain-dpixel.fr\/info\/wp-content\/uploads\/2023\/08\/Mirella-NOVIELLO-Photo-signature-scaled.jpg","jetpack_sharing_enabled":true,"_links":{"self":[{"href":"https:\/\/grain-dpixel.fr\/info\/wp-json\/wp\/v2\/posts\/14906","targetHints":{"allow":["GET"]}}],"collection":[{"href":"https:\/\/grain-dpixel.fr\/info\/wp-json\/wp\/v2\/posts"}],"about":[{"href":"https:\/\/grain-dpixel.fr\/info\/wp-json\/wp\/v2\/types\/post"}],"author":[{"embeddable":true,"href":"https:\/\/grain-dpixel.fr\/info\/wp-json\/wp\/v2\/users\/76"}],"replies":[{"embeddable":true,"href":"https:\/\/grain-dpixel.fr\/info\/wp-json\/wp\/v2\/comments?post=14906"}],"version-history":[{"count":1,"href":"https:\/\/grain-dpixel.fr\/info\/wp-json\/wp\/v2\/posts\/14906\/revisions"}],"predecessor-version":[{"id":14907,"href":"https:\/\/grain-dpixel.fr\/info\/wp-json\/wp\/v2\/posts\/14906\/revisions\/14907"}],"wp:featuredmedia":[{"embeddable":true,"href":"https:\/\/grain-dpixel.fr\/info\/wp-json\/wp\/v2\/media\/14838"}],"wp:attachment":[{"href":"https:\/\/grain-dpixel.fr\/info\/wp-json\/wp\/v2\/media?parent=14906"}],"wp:term":[{"taxonomy":"category","embeddable":true,"href":"https:\/\/grain-dpixel.fr\/info\/wp-json\/wp\/v2\/categories?post=14906"},{"taxonomy":"post_tag","embeddable":true,"href":"https:\/\/grain-dpixel.fr\/info\/wp-json\/wp\/v2\/tags?post=14906"}],"curies":[{"name":"wp","href":"https:\/\/api.w.org\/{rel}","templated":true}]}}