{"id":10965,"date":"2022-09-01T06:05:00","date_gmt":"2022-09-01T04:05:00","guid":{"rendered":"http:\/\/grain-dpixel.fr\/info\/?p=10965"},"modified":"2022-09-01T08:16:52","modified_gmt":"2022-09-01T06:16:52","slug":"rallye-photo-2022","status":"publish","type":"post","link":"https:\/\/grain-dpixel.fr\/info\/rallye-photo-2022\/","title":{"rendered":"Rallye photo 2022"},"content":{"rendered":"\n<p><strong>24 septembre<\/strong>  &#8211; Espace Grammont Accueil \u2014 20 rue M\u00e9gevand \u2014 Besan\u00e7on<\/p>\n\n\n\n<p>4 d\u00e9fis photographiques, en 4 heures avec seulement 4 photos.<\/p>\n\n\n\n<p>13h55 Ouverture du festival.<br>14h00 D\u00e9part du rallye photo.<br>18h00 Proclamation des r\u00e9sultats<\/p>\n\n\n\n<p><strong>Graind&rsquo;Pixel<\/strong> organise, en ouverture de son Festival Photographie Besan\u00e7on 2022, la septi\u00e8me \u00e9dition du Rallye Photo \u00e0 Besan\u00e7on. <br><br><strong>Le principe ? <\/strong><br>Chaque \u00e9quipe se voit proposer au fil de l&rsquo;apr\u00e8s midi <strong>quatre d\u00e9fis photos<\/strong> (4 th\u00e8mes) et ne pourra pr\u00e9senter qu&rsquo;une photo par d\u00e9fi au jury. Le rallye est ouvert \u00e0 tout photographe, amateur ou professionnel, muni d&rsquo;un smartphone ou d&rsquo;un appareil photo num\u00e9rique. Le jury se prononce sur la qualit\u00e9 artistique et le respect du th\u00e8me.<\/p>\n\n\n\n<p>Renseignements et inscriptions :  cliquez sur l&rsquo;image ci-dessous \u2193 \u2193 \u2193<\/p>\n\n\n\n<figure class=\"wp-block-image size-full\"><a href=\"https:\/\/www.helloasso.com\/associations\/grain-d-pixel\/evenements\/inscription-au-rallye-photo-2021-par-graind-pixel-2\"><img fetchpriority=\"high\" decoding=\"async\" width=\"1280\" height=\"720\" src=\"http:\/\/grain-dpixel.fr\/info\/wp-content\/uploads\/2022\/08\/vignette-helloasso-rallye-1.jpg\" alt=\"\" class=\"wp-image-10966\" srcset=\"https:\/\/grain-dpixel.fr\/info\/wp-content\/uploads\/2022\/08\/vignette-helloasso-rallye-1.jpg 1280w, https:\/\/grain-dpixel.fr\/info\/wp-content\/uploads\/2022\/08\/vignette-helloasso-rallye-1-300x169.jpg 300w, https:\/\/grain-dpixel.fr\/info\/wp-content\/uploads\/2022\/08\/vignette-helloasso-rallye-1-1024x576.jpg 1024w, https:\/\/grain-dpixel.fr\/info\/wp-content\/uploads\/2022\/08\/vignette-helloasso-rallye-1-768x432.jpg 768w\" sizes=\"(max-width: 1280px) 100vw, 1280px\" \/><\/a><\/figure>\n","protected":false},"excerpt":{"rendered":"<p>24 septembre &#8211; Espace Grammont Accueil \u2014 20 rue M\u00e9gevand \u2014 Besan\u00e7on 4 d\u00e9fis photographiques, en 4 heures avec seulement 4 photos. 13h55 Ouverture du festival.14h00 D\u00e9part du rallye photo.18h00 [&hellip;]<\/p>\n","protected":false},"author":76,"featured_media":10966,"comment_status":"open","ping_status":"open","sticky":false,"template":"","format":"standard","meta":{"_bbp_topic_count":0,"_bbp_reply_count":0,"_bbp_total_topic_count":0,"_bbp_total_reply_count":0,"_bbp_voice_count":0,"_bbp_anonymous_reply_count":0,"_bbp_topic_count_hidden":0,"_bbp_reply_count_hidden":0,"_bbp_forum_subforum_count":0,"_monsterinsights_skip_tracking":false,"_monsterinsights_sitenote_active":false,"_monsterinsights_sitenote_note":"","_monsterinsights_sitenote_category":0,"_jetpack_memberships_contains_paid_content":false,"footnotes":""},"categories":[162,166],"tags":[],"class_list":["post-10965","post","type-post","status-publish","format-standard","has-post-thumbnail","hentry","category-festival-2022","category-rallye-2022"],"jetpack_featured_media_url":"https:\/\/grain-dpixel.fr\/info\/wp-content\/uploads\/2022\/08\/vignette-helloasso-rallye-1.jpg","jetpack_sharing_enabled":true,"_links":{"self":[{"href":"https:\/\/grain-dpixel.fr\/info\/wp-json\/wp\/v2\/posts\/10965","targetHints":{"allow":["GET"]}}],"collection":[{"href":"https:\/\/grain-dpixel.fr\/info\/wp-json\/wp\/v2\/posts"}],"about":[{"href":"https:\/\/grain-dpixel.fr\/info\/wp-json\/wp\/v2\/types\/post"}],"author":[{"embeddable":true,"href":"https:\/\/grain-dpixel.fr\/info\/wp-json\/wp\/v2\/users\/76"}],"replies":[{"embeddable":true,"href":"https:\/\/grain-dpixel.fr\/info\/wp-json\/wp\/v2\/comments?post=10965"}],"version-history":[{"count":3,"href":"https:\/\/grain-dpixel.fr\/info\/wp-json\/wp\/v2\/posts\/10965\/revisions"}],"predecessor-version":[{"id":10969,"href":"https:\/\/grain-dpixel.fr\/info\/wp-json\/wp\/v2\/posts\/10965\/revisions\/10969"}],"wp:featuredmedia":[{"embeddable":true,"href":"https:\/\/grain-dpixel.fr\/info\/wp-json\/wp\/v2\/media\/10966"}],"wp:attachment":[{"href":"https:\/\/grain-dpixel.fr\/info\/wp-json\/wp\/v2\/media?parent=10965"}],"wp:term":[{"taxonomy":"category","embeddable":true,"href":"https:\/\/grain-dpixel.fr\/info\/wp-json\/wp\/v2\/categories?post=10965"},{"taxonomy":"post_tag","embeddable":true,"href":"https:\/\/grain-dpixel.fr\/info\/wp-json\/wp\/v2\/tags?post=10965"}],"curies":[{"name":"wp","href":"https:\/\/api.w.org\/{rel}","templated":true}]}}