{"id":10714,"date":"2022-10-19T06:00:00","date_gmt":"2022-10-19T04:00:00","guid":{"rendered":"http:\/\/grain-dpixel.fr\/info\/?p=10714"},"modified":"2022-08-31T21:46:19","modified_gmt":"2022-08-31T19:46:19","slug":"interview-de-christian-boisson","status":"publish","type":"post","link":"https:\/\/grain-dpixel.fr\/info\/interview-de-christian-boisson\/","title":{"rendered":"Interview de Christian BOISSON"},"content":{"rendered":"\n<h3 class=\"has-text-align-center wp-block-heading\">Exposition au Kursaal les 22 et 23 octobre 2022<\/h3>\n\n\n\n<p><i>&#8211; Quelques mots pour te pr\u00e9senter :<\/i><br>Jurassien d\u2019origine, bisontin, psy de mon m\u00e9tier, fou de l\u2019Inde. J\u2019aime sinc\u00e8rement la vie mais ne peux pas vivre sans musique. J\u2019essaie d\u2019accorder de plus en plus de place \u00e0 la photo dans mon quotidien. Je viens d\u2019auto\u00e9diter un livre de mes photographies intitul\u00e9 \u00ab\u00a0Gange sacr\u00e9\u00a0\u00bb. La r\u00e9alisation de ce projet a \u00e9t\u00e9 une belle aventure photographique et personnelle dont je n\u2019avais pas anticip\u00e9 l\u2019intensit\u00e9.<\/p>\n\n\n\n<p><i>&#8211; Quand et comment es-tu tomb\u00e9e dans la photo ? Qu\u2019est-ce que cela repr\u00e9sente pour toi ?<\/i><br>Longue histoire mais l\u2019origine, ce sont les piles de Paris-Match que, enfant, je feuilletais chez ma grand-m\u00e8re. C\u2019\u00e9tait l\u2019\u00e9poque de la guerre du Vi\u00eat Nam et je garde le souvenir des visages des civils et des soldats, visages tendus, graves, marqu\u00e9s. Je crois que j\u2019ai compris que la photo racontait des histoires \u00e9motionnelles qui ne pouvaient pas s\u2019\u00e9crire. C\u2019est cette force-l\u00e0 qui m\u2019int\u00e9resse.<\/p>\n\n\n\n<p><i>&#8211; Quels sont les sujets qui t\u2019int\u00e9ressent ? Qu\u2019est-ce que tu y cherches, y trouves ?<\/i><br>J\u2019ai un th\u00e8me de travail dans lequel je cherche \u00e0 saisir l\u2019intensit\u00e9 de la foi, individuelle ou collective qui caract\u00e9rise les lieux sacr\u00e9s de p\u00e8lerinages. Saisir l\u2019\u00e9motion dans l\u2019image et provoquer une \u00e9motion par cette image. \u00c7a m\u2019am\u00e8ne vers d\u2019autres cultures, d\u2019autres religions et j\u2019aime cette ouverture sur le monde.<\/p>\n\n\n\n<p><i>&#8211; Qui sont les photographes qui t\u2019inspirent ou dont tu appr\u00e9cies particuli\u00e8rement le travail ?<\/i><br>Harry Gruyaert pour son travail sur la couleur. En ce moment, je regarde beaucoup Jane Evelyn Atwood et Mary Ellen Mark pour la force de leurs images. Mais il y en a bien d\u2019autres, dans d\u2019autres styles\u00a0: Jean Loup Sieff, Martin Parr, Saul Leiter, Raymond Depardon\u2026<\/p>\n\n\n\n<p><i>&#8211; Qu\u2019est-ce que tu pr\u00e9sentes dans ton exposition ?<\/i><br>Une s\u00e9rie sur la Kumbh Mela de 2019, le plus grand p\u00e8lerinage au monde qui a lieu en Inde. C\u2019est par millions que se comptent les p\u00e8lerins qui y viennent. Mon id\u00e9e, pr\u00e9senter un autre regard sur cet \u00e9v\u00e8nement \u00e0 propos duquel on voit souvent le m\u00eame genre d\u2019images.<\/p>\n\n\n\n<p><i>&#8211; Et pour la suite ? Des projets, des envies de d\u00e9couvertes, d\u2019\u00e9volution ?<\/i><br>Des projets\u00a0: passer un mois \u00e0 B\u00e9nar\u00e8s\u00a0; assister \u00e0 la Kumbh Mela 2025\u00a0; apprendre \u00e0 penser et travailler en noir et blanc\u00a0; affiner et affirmer mon style photographique.<\/p>\n\n\n\n<p><i>-Lien hypertexte vers le site internet o\u00f9 l\u2019on peut te retrouver : <\/i><br><a href=\"http:\/\/www.christian-boisson.com\/\" target=\"_blank\" rel=\"noreferrer noopener\">http:\/\/www.christian-boisson.com<\/a><\/p>\n\n\n\n<div class=\"wp-block-image\"><figure class=\"aligncenter size-large\"><a href=\"http:\/\/grain-dpixel.fr\/info\/wp-content\/uploads\/2022\/08\/Christian-BOISSON-photo-signature.jpeg\"><img fetchpriority=\"high\" decoding=\"async\" width=\"1024\" height=\"683\" src=\"http:\/\/grain-dpixel.fr\/info\/wp-content\/uploads\/2022\/08\/Christian-BOISSON-photo-signature-1024x683.jpeg\" alt=\"\" class=\"wp-image-10727\" srcset=\"https:\/\/grain-dpixel.fr\/info\/wp-content\/uploads\/2022\/08\/Christian-BOISSON-photo-signature-1024x683.jpeg 1024w, https:\/\/grain-dpixel.fr\/info\/wp-content\/uploads\/2022\/08\/Christian-BOISSON-photo-signature-300x200.jpeg 300w, https:\/\/grain-dpixel.fr\/info\/wp-content\/uploads\/2022\/08\/Christian-BOISSON-photo-signature-768x512.jpeg 768w, https:\/\/grain-dpixel.fr\/info\/wp-content\/uploads\/2022\/08\/Christian-BOISSON-photo-signature.jpeg 1280w\" sizes=\"(max-width: 1024px) 100vw, 1024px\" \/><\/a><\/figure><\/div>\n\n\n\n<div class=\"wp-block-image\"><figure class=\"aligncenter size-full\"><a href=\"http:\/\/grain-dpixel.fr\/info\/wp-content\/uploads\/2022\/08\/Bandeau-fB-et-site-2022-1656-x-630.jpg\"><img decoding=\"async\" width=\"1656\" height=\"630\" src=\"http:\/\/grain-dpixel.fr\/info\/wp-content\/uploads\/2022\/08\/Bandeau-fB-et-site-2022-1656-x-630.jpg\" alt=\"\" class=\"wp-image-10860\" srcset=\"https:\/\/grain-dpixel.fr\/info\/wp-content\/uploads\/2022\/08\/Bandeau-fB-et-site-2022-1656-x-630.jpg 1656w, https:\/\/grain-dpixel.fr\/info\/wp-content\/uploads\/2022\/08\/Bandeau-fB-et-site-2022-1656-x-630-300x114.jpg 300w, https:\/\/grain-dpixel.fr\/info\/wp-content\/uploads\/2022\/08\/Bandeau-fB-et-site-2022-1656-x-630-1024x390.jpg 1024w, https:\/\/grain-dpixel.fr\/info\/wp-content\/uploads\/2022\/08\/Bandeau-fB-et-site-2022-1656-x-630-768x292.jpg 768w, https:\/\/grain-dpixel.fr\/info\/wp-content\/uploads\/2022\/08\/Bandeau-fB-et-site-2022-1656-x-630-1536x584.jpg 1536w\" sizes=\"(max-width: 1656px) 100vw, 1656px\" \/><\/a><\/figure><\/div>\n","protected":false},"excerpt":{"rendered":"<p>Exposition au Kursaal les 22 et 23 octobre 2022 &#8211; Quelques mots pour te pr\u00e9senter :Jurassien d\u2019origine, bisontin, psy de mon m\u00e9tier, fou de l\u2019Inde. J\u2019aime sinc\u00e8rement la vie mais [&hellip;]<\/p>\n","protected":false},"author":76,"featured_media":10727,"comment_status":"open","ping_status":"open","sticky":false,"template":"","format":"standard","meta":{"_bbp_topic_count":0,"_bbp_reply_count":0,"_bbp_total_topic_count":0,"_bbp_total_reply_count":0,"_bbp_voice_count":0,"_bbp_anonymous_reply_count":0,"_bbp_topic_count_hidden":0,"_bbp_reply_count_hidden":0,"_bbp_forum_subforum_count":0,"_monsterinsights_skip_tracking":false,"_monsterinsights_sitenote_active":false,"_monsterinsights_sitenote_note":"","_monsterinsights_sitenote_category":0,"_jetpack_memberships_contains_paid_content":false,"footnotes":""},"categories":[4,162,164],"tags":[],"class_list":["post-10714","post","type-post","status-publish","format-standard","has-post-thumbnail","hentry","category-exposition","category-festival-2022","category-interview-2022"],"jetpack_featured_media_url":"https:\/\/grain-dpixel.fr\/info\/wp-content\/uploads\/2022\/08\/Christian-BOISSON-photo-signature.jpeg","jetpack_sharing_enabled":true,"_links":{"self":[{"href":"https:\/\/grain-dpixel.fr\/info\/wp-json\/wp\/v2\/posts\/10714","targetHints":{"allow":["GET"]}}],"collection":[{"href":"https:\/\/grain-dpixel.fr\/info\/wp-json\/wp\/v2\/posts"}],"about":[{"href":"https:\/\/grain-dpixel.fr\/info\/wp-json\/wp\/v2\/types\/post"}],"author":[{"embeddable":true,"href":"https:\/\/grain-dpixel.fr\/info\/wp-json\/wp\/v2\/users\/76"}],"replies":[{"embeddable":true,"href":"https:\/\/grain-dpixel.fr\/info\/wp-json\/wp\/v2\/comments?post=10714"}],"version-history":[{"count":2,"href":"https:\/\/grain-dpixel.fr\/info\/wp-json\/wp\/v2\/posts\/10714\/revisions"}],"predecessor-version":[{"id":10928,"href":"https:\/\/grain-dpixel.fr\/info\/wp-json\/wp\/v2\/posts\/10714\/revisions\/10928"}],"wp:featuredmedia":[{"embeddable":true,"href":"https:\/\/grain-dpixel.fr\/info\/wp-json\/wp\/v2\/media\/10727"}],"wp:attachment":[{"href":"https:\/\/grain-dpixel.fr\/info\/wp-json\/wp\/v2\/media?parent=10714"}],"wp:term":[{"taxonomy":"category","embeddable":true,"href":"https:\/\/grain-dpixel.fr\/info\/wp-json\/wp\/v2\/categories?post=10714"},{"taxonomy":"post_tag","embeddable":true,"href":"https:\/\/grain-dpixel.fr\/info\/wp-json\/wp\/v2\/tags?post=10714"}],"curies":[{"name":"wp","href":"https:\/\/api.w.org\/{rel}","templated":true}]}}