{"id":10680,"date":"2022-09-20T06:00:00","date_gmt":"2022-09-20T04:00:00","guid":{"rendered":"http:\/\/grain-dpixel.fr\/info\/?p=10680"},"modified":"2022-08-31T21:48:51","modified_gmt":"2022-08-31T19:48:51","slug":"interview-de-sabrian-dolidze","status":"publish","type":"post","link":"https:\/\/grain-dpixel.fr\/info\/interview-de-sabrian-dolidze\/","title":{"rendered":"Interview de Sabrina DOLIDZ\u00c9"},"content":{"rendered":"\n<h3 class=\"has-text-align-center wp-block-heading\">Exposition au Mus\u00e9e des Maisons Comtoises du 01\/10 au 06\/11 2022<\/h3>\n\n\n\n<p><i>&#8211; Quelques mots pour te pr\u00e9senter :<\/i><br>Je suis une photographe documentaire qui aime raconter l\u2019histoire du monde en images. Je me suis donn\u00e9e la chance d\u2019en faire mon m\u00e9tier et j\u2019avoue que cette activit\u00e9 me comble totalement.<\/p>\n\n\n\n<p><i>&#8211; Quand et comment es-tu tomb\u00e9e dans la photo ? Qu\u2019est-ce que cela repr\u00e9sente pour toi ?<\/i><br>Je ne pense pas \u00eatre tomb\u00e9e dans la photographie mais je me suis rapproch\u00e9e de cette d\u00e9marche progressivement, par \u00e9tapes. D\u2019abord sur des sujets cr\u00e9atifs en cherchant \u00e0 montrer mes expositions par le biais d\u2019expositions et de mon site internet, avant de m\u2019orienter ensuite vers le photojournalisme car cette activit\u00e9 me permettait de faire une passerelle entre mon plaisir des images et ma formation de sociologue.<\/p>\n\n\n\n<p><i>&#8211; Quels sont les sujets qui t\u2019int\u00e9ressent ? Qu\u2019est-ce que tu y cherches, y trouves ?<\/i><br>\u2019aime poser mon objectif sur les fr\u00e9missements de soci\u00e9t\u00e9s, mettre le doigt (et l\u2019objectif) sur ce que les autres ne voient pas, le monde en \u00e9volution en train de se faire. Je m\u2019int\u00e9resse aussi de temps \u00e0 autre \u00e0 des sujets philosophiques et existentiels.<\/p>\n\n\n\n<p><i>&#8211; Qui sont les photographes qui t\u2019inspirent ou dont tu appr\u00e9cies particuli\u00e8rement le travail ?<\/i><br>Pour la photographie documentaire : Guillaume Herbaut qui a fait un travail remarquable sur l\u2019Ukraine, Niels Ackermann, Rob Hornstra, Gr\u00e9goire Korganow,\u2026Mais aussi du c\u00f4t\u00e9 de la photographie surr\u00e9aliste : Kertesz, Man Ray, Dora Maar,, Jindrich Styrsky, Hans Bellmer\u2026<\/p>\n\n\n\n<p><i>&#8211; Qu\u2019est-ce que tu pr\u00e9sentes dans ton exposition ?<\/i><br>Je pr\u00e9sente \u00ab\u00a0Femmes de G\u00e9orgie &#8211; traditions et modernit\u00e9\u00a0\u00bb, l\u2019histoire de femmes g\u00e9orgiennes se retrouvant au coeur des changements de soci\u00e9t\u00e9 entre un mod\u00e8le sovi\u00e9tique et une soci\u00e9t\u00e9 plus lib\u00e9rale. \u00c0 travers les femmes, c\u2019est la soci\u00e9t\u00e9 g\u00e9orgienne que j\u2019explore et son berceau historique situ\u00e9 entre l\u2019orient et l\u2019occident.<\/p>\n\n\n\n<p><i>&#8211; Et pour la suite ? Des projets, des envies de d\u00e9couvertes, d\u2019\u00e9volution ?<\/i><br>Je poursuis mon travail documentaire, et je cherche \u00e0 explorer les secteurs de la sant\u00e9 et du handicap. J\u2019ai aussi des r\u00e9flexions en cours sur des projets de photographie plasticienne, non sans lien avec une approche soci\u00e9tale.<\/p>\n\n\n\n<p><i>-Lien hypertexte vers le site internet o\u00f9 l\u2019on peut te retrouver : <\/i><br><a href=\"https:\/\/sabrinadolidze.com\/fr\/accueil\" target=\"_blank\" rel=\"noreferrer noopener\">https:\/\/sabrinadolidze.com\/fr<\/a><\/p>\n\n\n\n<div class=\"wp-block-image\"><figure class=\"aligncenter size-large\"><a href=\"http:\/\/grain-dpixel.fr\/info\/wp-content\/uploads\/2022\/08\/Sabrina-DOLIDZE-photo-signature.jpg\"><img fetchpriority=\"high\" decoding=\"async\" width=\"1024\" height=\"680\" src=\"http:\/\/grain-dpixel.fr\/info\/wp-content\/uploads\/2022\/08\/Sabrina-DOLIDZE-photo-signature-1024x680.jpg\" alt=\"\" class=\"wp-image-10769\" srcset=\"https:\/\/grain-dpixel.fr\/info\/wp-content\/uploads\/2022\/08\/Sabrina-DOLIDZE-photo-signature-1024x680.jpg 1024w, https:\/\/grain-dpixel.fr\/info\/wp-content\/uploads\/2022\/08\/Sabrina-DOLIDZE-photo-signature-300x199.jpg 300w, https:\/\/grain-dpixel.fr\/info\/wp-content\/uploads\/2022\/08\/Sabrina-DOLIDZE-photo-signature-768x510.jpg 768w, https:\/\/grain-dpixel.fr\/info\/wp-content\/uploads\/2022\/08\/Sabrina-DOLIDZE-photo-signature-1536x1020.jpg 1536w, https:\/\/grain-dpixel.fr\/info\/wp-content\/uploads\/2022\/08\/Sabrina-DOLIDZE-photo-signature-2048x1360.jpg 2048w\" sizes=\"(max-width: 1024px) 100vw, 1024px\" \/><\/a><\/figure><\/div>\n\n\n\n<figure class=\"wp-block-image size-full\"><a href=\"http:\/\/grain-dpixel.fr\/info\/wp-content\/uploads\/2022\/08\/Bandeau-fB-et-site-2022-1656-x-630.jpg\"><img decoding=\"async\" width=\"1656\" height=\"630\" src=\"http:\/\/grain-dpixel.fr\/info\/wp-content\/uploads\/2022\/08\/Bandeau-fB-et-site-2022-1656-x-630.jpg\" alt=\"\" class=\"wp-image-10860\" srcset=\"https:\/\/grain-dpixel.fr\/info\/wp-content\/uploads\/2022\/08\/Bandeau-fB-et-site-2022-1656-x-630.jpg 1656w, https:\/\/grain-dpixel.fr\/info\/wp-content\/uploads\/2022\/08\/Bandeau-fB-et-site-2022-1656-x-630-300x114.jpg 300w, https:\/\/grain-dpixel.fr\/info\/wp-content\/uploads\/2022\/08\/Bandeau-fB-et-site-2022-1656-x-630-1024x390.jpg 1024w, https:\/\/grain-dpixel.fr\/info\/wp-content\/uploads\/2022\/08\/Bandeau-fB-et-site-2022-1656-x-630-768x292.jpg 768w, https:\/\/grain-dpixel.fr\/info\/wp-content\/uploads\/2022\/08\/Bandeau-fB-et-site-2022-1656-x-630-1536x584.jpg 1536w\" sizes=\"(max-width: 1656px) 100vw, 1656px\" \/><\/a><\/figure>\n","protected":false},"excerpt":{"rendered":"<p>Exposition au Mus\u00e9e des Maisons Comtoises du 01\/10 au 06\/11 2022 &#8211; Quelques mots pour te pr\u00e9senter :Je suis une photographe documentaire qui aime raconter l\u2019histoire du monde en images. [&hellip;]<\/p>\n","protected":false},"author":76,"featured_media":10769,"comment_status":"open","ping_status":"open","sticky":false,"template":"","format":"standard","meta":{"_bbp_topic_count":0,"_bbp_reply_count":0,"_bbp_total_topic_count":0,"_bbp_total_reply_count":0,"_bbp_voice_count":0,"_bbp_anonymous_reply_count":0,"_bbp_topic_count_hidden":0,"_bbp_reply_count_hidden":0,"_bbp_forum_subforum_count":0,"_monsterinsights_skip_tracking":false,"_monsterinsights_sitenote_active":false,"_monsterinsights_sitenote_note":"","_monsterinsights_sitenote_category":0,"_jetpack_memberships_contains_paid_content":false,"footnotes":""},"categories":[4,162,164],"tags":[],"class_list":["post-10680","post","type-post","status-publish","format-standard","has-post-thumbnail","hentry","category-exposition","category-festival-2022","category-interview-2022"],"jetpack_featured_media_url":"https:\/\/grain-dpixel.fr\/info\/wp-content\/uploads\/2022\/08\/Sabrina-DOLIDZE-photo-signature.jpg","jetpack_sharing_enabled":true,"_links":{"self":[{"href":"https:\/\/grain-dpixel.fr\/info\/wp-json\/wp\/v2\/posts\/10680","targetHints":{"allow":["GET"]}}],"collection":[{"href":"https:\/\/grain-dpixel.fr\/info\/wp-json\/wp\/v2\/posts"}],"about":[{"href":"https:\/\/grain-dpixel.fr\/info\/wp-json\/wp\/v2\/types\/post"}],"author":[{"embeddable":true,"href":"https:\/\/grain-dpixel.fr\/info\/wp-json\/wp\/v2\/users\/76"}],"replies":[{"embeddable":true,"href":"https:\/\/grain-dpixel.fr\/info\/wp-json\/wp\/v2\/comments?post=10680"}],"version-history":[{"count":3,"href":"https:\/\/grain-dpixel.fr\/info\/wp-json\/wp\/v2\/posts\/10680\/revisions"}],"predecessor-version":[{"id":10893,"href":"https:\/\/grain-dpixel.fr\/info\/wp-json\/wp\/v2\/posts\/10680\/revisions\/10893"}],"wp:featuredmedia":[{"embeddable":true,"href":"https:\/\/grain-dpixel.fr\/info\/wp-json\/wp\/v2\/media\/10769"}],"wp:attachment":[{"href":"https:\/\/grain-dpixel.fr\/info\/wp-json\/wp\/v2\/media?parent=10680"}],"wp:term":[{"taxonomy":"category","embeddable":true,"href":"https:\/\/grain-dpixel.fr\/info\/wp-json\/wp\/v2\/categories?post=10680"},{"taxonomy":"post_tag","embeddable":true,"href":"https:\/\/grain-dpixel.fr\/info\/wp-json\/wp\/v2\/tags?post=10680"}],"curies":[{"name":"wp","href":"https:\/\/api.w.org\/{rel}","templated":true}]}}