{"id":10672,"date":"2022-10-20T06:00:00","date_gmt":"2022-10-20T04:00:00","guid":{"rendered":"http:\/\/grain-dpixel.fr\/info\/?p=10672"},"modified":"2022-08-31T21:46:24","modified_gmt":"2022-08-31T19:46:24","slug":"interview-dyves-auboyer","status":"publish","type":"post","link":"https:\/\/grain-dpixel.fr\/info\/interview-dyves-auboyer\/","title":{"rendered":"Interview d&rsquo;Yves AUBOYER"},"content":{"rendered":"\n<h3 class=\"has-text-align-center wp-block-heading\">Exposition au Kursaal les 22 et 23 octobre 2022<\/h3>\n\n\n\n<p><i>&#8211; Quelques mots pour te pr\u00e9senter :<\/i><br>Autodidacte et passionn\u00e9, j\u2019ai toujours eu un regard tr\u00e8s taquin au travers de mes prises de vue, ce qui m&rsquo;a tout naturellement conduit \u00e0 la pratique de la \u00ab Street Photography \u00bb. Les personnages de mes clich\u00e9s sont assez souvent dans des situations incongrues, et m\u00eame si je souris de ces postures, je ne pratique que l&rsquo;humour bienveillant, jamais la m\u00e9chancet\u00e9. On peut consid\u00e9rer que ma vision empathique des autres, transcrite et perceptible sur mes images, me classe parmi les photographes \u00ab\u00a0humanistes\u00a0\u00bb.<\/p>\n\n\n\n<p><i>&#8211; Quand et comment es-tu tomb\u00e9e dans la photo ? Qu\u2019est-ce que cela repr\u00e9sente pour toi ?<\/i><br>Je pratique la photographie depuis l&rsquo;\u00e2ge de 10 ans, lorsque mon p\u00e8re m\u2019a offert mon premier appareil. Pour moi, c\u2019est une forme \u00ab\u00a0d\u2019h\u00e9ritage\u00a0\u00bb mais \u00e9galement le moyen de t\u00e9moigner de mon regard sur l\u2019\u00e9poque que je traverse.<\/p>\n\n\n\n<p><i>&#8211; Quels sont les sujets qui t\u2019int\u00e9ressent ? Qu\u2019est-ce que tu y cherches, y trouves ?<\/i><br>Si j\u2019aime tout particuli\u00e8rement la Street Photography, je suis un v\u00e9ritable \u00ab\u00a0touche \u00e0 tout\u00a0\u00bb, et j\u2019ai \u00e9galement une passion pour les images prises \u00ab\u00a0au ras du sol\u00a0\u00bb, dans l\u2019herbe. C\u2019est dans tous les cas un excellent moyen de m\u2019\u00e9vader.<\/p>\n\n\n\n<p><i>&#8211; Qui sont les photographes qui t\u2019inspirent ou dont tu appr\u00e9cies particuli\u00e8rement le travail ?<\/i><br>Je suis un grand admirateur de Robert Doisneau et Elliott Erwitt : ils ont marqu\u00e9 mes lectures, mon esprit, et peut \u00eatre un peu mes images. J\u2019appr\u00e9cie le romantisme qui se d\u00e9gage des images de Doisneau, et l\u2019humour taquin de celles d\u2019Erwitt.<\/p>\n\n\n\n<p><i>&#8211; Qu\u2019est-ce que tu pr\u00e9sentes dans ton exposition ?<\/i><br>Issues de l\u2019ouvrage de plus de 400 pages \u00ab\u00a0Regards Attendris\u00a0\u00bb, ces images sont un concentr\u00e9 de situations diverses et parfois cocasses, repr\u00e9sentant des couples au quotidien. La majorit\u00e9 des images pr\u00e9sent\u00e9es a \u00e9t\u00e9 r\u00e9alis\u00e9e sur les 5 derni\u00e8res ann\u00e9es, principalement en France au travers de mes diff\u00e9rents voyages. Les prises de vues sont faites avec un Leica\u00a0Q (ou Q2 pour les plus r\u00e9centes)<\/p>\n\n\n\n<p><i>&#8211; Et pour la suite ? Des projets, des envies de d\u00e9couvertes, d\u2019\u00e9volution ?<\/i><br>J\u2019ai toujours 3 ou 4 projets \u00e0 l\u2019esprit, le plus difficile est de trouver le temps pour les faire aboutir. Le plus abouti est par exemple \u00ab\u00a0une vie dans un Caddie\u00a0\u00bb, une s\u00e9rie pr\u00e9sentant le quotidien des SDF \u00e0 Paris. Appr\u00e9ciant particuli\u00e8rement les d\u00e9fis, j\u2019envisage \u00e9galement de publier un ouvrage bas\u00e9 sur une seule journ\u00e9e de prises de vues dans les rues de Paris.<\/p>\n\n\n\n<p><i>-Lien hypertexte vers le site internet o\u00f9 l\u2019on peut te retrouver : <\/i><br><a href=\"https:\/\/www.ouaf-ouaf.com\/\">www<\/a><a href=\"https:\/\/www.ouaf-ouaf.com\/\" target=\"_blank\" rel=\"noreferrer noopener\">.ouaf-ouaf.com<\/a><\/p>\n\n\n\n<div class=\"wp-block-image\"><figure class=\"aligncenter size-large\"><a href=\"http:\/\/grain-dpixel.fr\/info\/wp-content\/uploads\/2022\/08\/Yves-AUBOYER-photo-signature.jpg\"><img fetchpriority=\"high\" decoding=\"async\" width=\"1024\" height=\"1024\" src=\"http:\/\/grain-dpixel.fr\/info\/wp-content\/uploads\/2022\/08\/Yves-AUBOYER-photo-signature-1024x1024.jpg\" alt=\"\" class=\"wp-image-10776\" srcset=\"https:\/\/grain-dpixel.fr\/info\/wp-content\/uploads\/2022\/08\/Yves-AUBOYER-photo-signature-1024x1024.jpg 1024w, https:\/\/grain-dpixel.fr\/info\/wp-content\/uploads\/2022\/08\/Yves-AUBOYER-photo-signature-300x300.jpg 300w, https:\/\/grain-dpixel.fr\/info\/wp-content\/uploads\/2022\/08\/Yves-AUBOYER-photo-signature-150x150.jpg 150w, https:\/\/grain-dpixel.fr\/info\/wp-content\/uploads\/2022\/08\/Yves-AUBOYER-photo-signature-768x768.jpg 768w, https:\/\/grain-dpixel.fr\/info\/wp-content\/uploads\/2022\/08\/Yves-AUBOYER-photo-signature-1536x1536.jpg 1536w, https:\/\/grain-dpixel.fr\/info\/wp-content\/uploads\/2022\/08\/Yves-AUBOYER-photo-signature.jpg 2048w\" sizes=\"(max-width: 1024px) 100vw, 1024px\" \/><\/a><\/figure><\/div>\n\n\n\n<div class=\"wp-block-image\"><figure class=\"aligncenter size-full\"><a href=\"http:\/\/grain-dpixel.fr\/info\/wp-content\/uploads\/2022\/08\/Bandeau-fB-et-site-2022-1656-x-630.jpg\"><img decoding=\"async\" width=\"1656\" height=\"630\" src=\"http:\/\/grain-dpixel.fr\/info\/wp-content\/uploads\/2022\/08\/Bandeau-fB-et-site-2022-1656-x-630.jpg\" alt=\"\" class=\"wp-image-10860\" srcset=\"https:\/\/grain-dpixel.fr\/info\/wp-content\/uploads\/2022\/08\/Bandeau-fB-et-site-2022-1656-x-630.jpg 1656w, https:\/\/grain-dpixel.fr\/info\/wp-content\/uploads\/2022\/08\/Bandeau-fB-et-site-2022-1656-x-630-300x114.jpg 300w, https:\/\/grain-dpixel.fr\/info\/wp-content\/uploads\/2022\/08\/Bandeau-fB-et-site-2022-1656-x-630-1024x390.jpg 1024w, https:\/\/grain-dpixel.fr\/info\/wp-content\/uploads\/2022\/08\/Bandeau-fB-et-site-2022-1656-x-630-768x292.jpg 768w, https:\/\/grain-dpixel.fr\/info\/wp-content\/uploads\/2022\/08\/Bandeau-fB-et-site-2022-1656-x-630-1536x584.jpg 1536w\" sizes=\"(max-width: 1656px) 100vw, 1656px\" \/><\/a><\/figure><\/div>\n","protected":false},"excerpt":{"rendered":"<p>Exposition au Kursaal les 22 et 23 octobre 2022 &#8211; Quelques mots pour te pr\u00e9senter :Autodidacte et passionn\u00e9, j\u2019ai toujours eu un regard tr\u00e8s taquin au travers de mes prises [&hellip;]<\/p>\n","protected":false},"author":76,"featured_media":10776,"comment_status":"open","ping_status":"open","sticky":false,"template":"","format":"standard","meta":{"_bbp_topic_count":0,"_bbp_reply_count":0,"_bbp_total_topic_count":0,"_bbp_total_reply_count":0,"_bbp_voice_count":0,"_bbp_anonymous_reply_count":0,"_bbp_topic_count_hidden":0,"_bbp_reply_count_hidden":0,"_bbp_forum_subforum_count":0,"_monsterinsights_skip_tracking":false,"_monsterinsights_sitenote_active":false,"_monsterinsights_sitenote_note":"","_monsterinsights_sitenote_category":0,"_jetpack_memberships_contains_paid_content":false,"footnotes":""},"categories":[4,162,164],"tags":[],"class_list":["post-10672","post","type-post","status-publish","format-standard","has-post-thumbnail","hentry","category-exposition","category-festival-2022","category-interview-2022"],"jetpack_featured_media_url":"https:\/\/grain-dpixel.fr\/info\/wp-content\/uploads\/2022\/08\/Yves-AUBOYER-photo-signature.jpg","jetpack_sharing_enabled":true,"_links":{"self":[{"href":"https:\/\/grain-dpixel.fr\/info\/wp-json\/wp\/v2\/posts\/10672","targetHints":{"allow":["GET"]}}],"collection":[{"href":"https:\/\/grain-dpixel.fr\/info\/wp-json\/wp\/v2\/posts"}],"about":[{"href":"https:\/\/grain-dpixel.fr\/info\/wp-json\/wp\/v2\/types\/post"}],"author":[{"embeddable":true,"href":"https:\/\/grain-dpixel.fr\/info\/wp-json\/wp\/v2\/users\/76"}],"replies":[{"embeddable":true,"href":"https:\/\/grain-dpixel.fr\/info\/wp-json\/wp\/v2\/comments?post=10672"}],"version-history":[{"count":2,"href":"https:\/\/grain-dpixel.fr\/info\/wp-json\/wp\/v2\/posts\/10672\/revisions"}],"predecessor-version":[{"id":10929,"href":"https:\/\/grain-dpixel.fr\/info\/wp-json\/wp\/v2\/posts\/10672\/revisions\/10929"}],"wp:featuredmedia":[{"embeddable":true,"href":"https:\/\/grain-dpixel.fr\/info\/wp-json\/wp\/v2\/media\/10776"}],"wp:attachment":[{"href":"https:\/\/grain-dpixel.fr\/info\/wp-json\/wp\/v2\/media?parent=10672"}],"wp:term":[{"taxonomy":"category","embeddable":true,"href":"https:\/\/grain-dpixel.fr\/info\/wp-json\/wp\/v2\/categories?post=10672"},{"taxonomy":"post_tag","embeddable":true,"href":"https:\/\/grain-dpixel.fr\/info\/wp-json\/wp\/v2\/tags?post=10672"}],"curies":[{"name":"wp","href":"https:\/\/api.w.org\/{rel}","templated":true}]}}