{"id":10643,"date":"2022-10-16T06:00:00","date_gmt":"2022-10-16T04:00:00","guid":{"rendered":"http:\/\/grain-dpixel.fr\/info\/?p=10643"},"modified":"2022-08-31T21:46:02","modified_gmt":"2022-08-31T19:46:02","slug":"interview-daurelie-besson","status":"publish","type":"post","link":"https:\/\/grain-dpixel.fr\/info\/interview-daurelie-besson\/","title":{"rendered":"Interview d&rsquo;Aur\u00e9lie BESSON"},"content":{"rendered":"\n<h3 class=\"has-text-align-center wp-block-heading\">Exposition au Kursaal les 22 et 23 octobre 2022<\/h3>\n\n\n\n<p><i>&#8211; Quelques mots pour te pr\u00e9senter :<\/i><br>Photographe amatrice, je d\u00e9couvre cet univers assez tardivement \u00e0 travers les cr\u00e9ations d\u2019autres photographes amateurs et professionnels, mais \u00e9galement en croisant d\u2019autres femmes qui posent et apportent leurs contributions \u00e0 des projets photographiques.<\/p>\n\n\n\n<p><i>&#8211; Quand et comment es-tu tomb\u00e9e dans la photo ? Qu\u2019est-ce que cela repr\u00e9sente pour toi ?<\/i><br>C\u2019est une fa\u00e7on de s\u2019\u00e9vader mais \u00e9galement de parler de soi, de fa\u00e7on d\u00e9tourn\u00e9e, avec pudeur, m\u00eame si l\u2019on se montre.<\/p>\n\n\n\n<p><i>&#8211; Quels sont les sujets qui t\u2019int\u00e9ressent ? Qu\u2019est-ce que tu y cherches, y trouves ?<\/i><br>Le corps. Je cherche \u00e0 cr\u00e9er quelque chose (une sensation, une \u00e9motion) en me mettant en sc\u00e8ne.<\/p>\n\n\n\n<p><i>&#8211; Qui sont les photographes qui t\u2019inspirent ou dont tu appr\u00e9cies particuli\u00e8rement le travail ?<\/i><br>Noell OSZVALD, Andrea KISS.<\/p>\n\n\n\n<p><i>&#8211; Qu\u2019est-ce que tu pr\u00e9sentes dans ton exposition ?<\/i><br>Je me montre sans r\u00e9ellement me d\u00e9voiler, puisque ce n\u2019est que l\u2019ombre de moi-m\u00eame qui est mise en sc\u00e8ne. L\u2019ombre de moi m\u2019aime, car la premi\u00e8re chose que l\u2019on devrait apprendre aux femmes c\u2019est de connaitre et aimer son corps. La premi\u00e8re le\u00e7on de vie !<\/p>\n\n\n\n<p><i>&#8211; Et pour la suite ? Des projets, des envies de d\u00e9couvertes, d\u2019\u00e9volution ?<\/i><br>Pas de plan sur la com\u00e8te. Je verrai o\u00f9 mes envies me porteront.<\/p>\n\n\n\n<p><i>-Lien hypertexte vers le site internet o\u00f9 l\u2019on peut te retrouver : <\/i><\/p>\n\n\n\n<p><br><\/p>\n\n\n\n<div class=\"wp-block-image\"><figure class=\"aligncenter size-large\"><a href=\"http:\/\/grain-dpixel.fr\/info\/wp-content\/uploads\/2022\/08\/Aurelie-BESSON-photo-signature-scaled.jpg\"><img fetchpriority=\"high\" decoding=\"async\" width=\"931\" height=\"1024\" src=\"http:\/\/grain-dpixel.fr\/info\/wp-content\/uploads\/2022\/08\/Aurelie-BESSON-photo-signature-931x1024.jpg\" alt=\"\" class=\"wp-image-10732\" srcset=\"https:\/\/grain-dpixel.fr\/info\/wp-content\/uploads\/2022\/08\/Aurelie-BESSON-photo-signature-931x1024.jpg 931w, https:\/\/grain-dpixel.fr\/info\/wp-content\/uploads\/2022\/08\/Aurelie-BESSON-photo-signature-273x300.jpg 273w, https:\/\/grain-dpixel.fr\/info\/wp-content\/uploads\/2022\/08\/Aurelie-BESSON-photo-signature-768x845.jpg 768w, https:\/\/grain-dpixel.fr\/info\/wp-content\/uploads\/2022\/08\/Aurelie-BESSON-photo-signature-1396x1536.jpg 1396w, https:\/\/grain-dpixel.fr\/info\/wp-content\/uploads\/2022\/08\/Aurelie-BESSON-photo-signature-1861x2048.jpg 1861w\" sizes=\"(max-width: 931px) 100vw, 931px\" \/><\/a><\/figure><\/div>\n\n\n\n<div class=\"wp-block-image\"><figure class=\"aligncenter size-full\"><a href=\"http:\/\/grain-dpixel.fr\/info\/wp-content\/uploads\/2022\/08\/Bandeau-fB-et-site-2022-1656-x-630.jpg\"><img decoding=\"async\" width=\"1656\" height=\"630\" src=\"http:\/\/grain-dpixel.fr\/info\/wp-content\/uploads\/2022\/08\/Bandeau-fB-et-site-2022-1656-x-630.jpg\" alt=\"\" class=\"wp-image-10860\" srcset=\"https:\/\/grain-dpixel.fr\/info\/wp-content\/uploads\/2022\/08\/Bandeau-fB-et-site-2022-1656-x-630.jpg 1656w, https:\/\/grain-dpixel.fr\/info\/wp-content\/uploads\/2022\/08\/Bandeau-fB-et-site-2022-1656-x-630-300x114.jpg 300w, https:\/\/grain-dpixel.fr\/info\/wp-content\/uploads\/2022\/08\/Bandeau-fB-et-site-2022-1656-x-630-1024x390.jpg 1024w, https:\/\/grain-dpixel.fr\/info\/wp-content\/uploads\/2022\/08\/Bandeau-fB-et-site-2022-1656-x-630-768x292.jpg 768w, https:\/\/grain-dpixel.fr\/info\/wp-content\/uploads\/2022\/08\/Bandeau-fB-et-site-2022-1656-x-630-1536x584.jpg 1536w\" sizes=\"(max-width: 1656px) 100vw, 1656px\" \/><\/a><\/figure><\/div>\n","protected":false},"excerpt":{"rendered":"<p>Exposition au Kursaal les 22 et 23 octobre 2022 &#8211; Quelques mots pour te pr\u00e9senter :Photographe amatrice, je d\u00e9couvre cet univers assez tardivement \u00e0 travers les cr\u00e9ations d\u2019autres photographes amateurs [&hellip;]<\/p>\n","protected":false},"author":76,"featured_media":10732,"comment_status":"open","ping_status":"open","sticky":false,"template":"","format":"standard","meta":{"_bbp_topic_count":0,"_bbp_reply_count":0,"_bbp_total_topic_count":0,"_bbp_total_reply_count":0,"_bbp_voice_count":0,"_bbp_anonymous_reply_count":0,"_bbp_topic_count_hidden":0,"_bbp_reply_count_hidden":0,"_bbp_forum_subforum_count":0,"_monsterinsights_skip_tracking":false,"_monsterinsights_sitenote_active":false,"_monsterinsights_sitenote_note":"","_monsterinsights_sitenote_category":0,"_jetpack_memberships_contains_paid_content":false,"footnotes":""},"categories":[4,162,164],"tags":[],"class_list":["post-10643","post","type-post","status-publish","format-standard","has-post-thumbnail","hentry","category-exposition","category-festival-2022","category-interview-2022"],"jetpack_featured_media_url":"https:\/\/grain-dpixel.fr\/info\/wp-content\/uploads\/2022\/08\/Aurelie-BESSON-photo-signature-scaled.jpg","jetpack_sharing_enabled":true,"_links":{"self":[{"href":"https:\/\/grain-dpixel.fr\/info\/wp-json\/wp\/v2\/posts\/10643","targetHints":{"allow":["GET"]}}],"collection":[{"href":"https:\/\/grain-dpixel.fr\/info\/wp-json\/wp\/v2\/posts"}],"about":[{"href":"https:\/\/grain-dpixel.fr\/info\/wp-json\/wp\/v2\/types\/post"}],"author":[{"embeddable":true,"href":"https:\/\/grain-dpixel.fr\/info\/wp-json\/wp\/v2\/users\/76"}],"replies":[{"embeddable":true,"href":"https:\/\/grain-dpixel.fr\/info\/wp-json\/wp\/v2\/comments?post=10643"}],"version-history":[{"count":3,"href":"https:\/\/grain-dpixel.fr\/info\/wp-json\/wp\/v2\/posts\/10643\/revisions"}],"predecessor-version":[{"id":10939,"href":"https:\/\/grain-dpixel.fr\/info\/wp-json\/wp\/v2\/posts\/10643\/revisions\/10939"}],"wp:featuredmedia":[{"embeddable":true,"href":"https:\/\/grain-dpixel.fr\/info\/wp-json\/wp\/v2\/media\/10732"}],"wp:attachment":[{"href":"https:\/\/grain-dpixel.fr\/info\/wp-json\/wp\/v2\/media?parent=10643"}],"wp:term":[{"taxonomy":"category","embeddable":true,"href":"https:\/\/grain-dpixel.fr\/info\/wp-json\/wp\/v2\/categories?post=10643"},{"taxonomy":"post_tag","embeddable":true,"href":"https:\/\/grain-dpixel.fr\/info\/wp-json\/wp\/v2\/tags?post=10643"}],"curies":[{"name":"wp","href":"https:\/\/api.w.org\/{rel}","templated":true}]}}