{"id":10639,"date":"2022-10-13T06:00:00","date_gmt":"2022-10-13T04:00:00","guid":{"rendered":"http:\/\/grain-dpixel.fr\/info\/?p=10639"},"modified":"2022-08-31T21:45:37","modified_gmt":"2022-08-31T19:45:37","slug":"interview-de-laurent-penvern","status":"publish","type":"post","link":"https:\/\/grain-dpixel.fr\/info\/interview-de-laurent-penvern\/","title":{"rendered":"Interview de Laurent PENVERN"},"content":{"rendered":"\n<h3 class=\"has-text-align-center wp-block-heading\">Exposition au Kursaal les 22 et 23 octobre 2022<\/h3>\n\n\n\n<p><i>&#8211; Quelques mots pour te pr\u00e9senter :<\/i><br>Je suis Laurent Penvern, j\u2019habite \u00e0 Lyon depuis 5 ans o\u00f9 je suis venu rejoindre mes enfants et petits enfant, apr\u00e8s une vie quasi enti\u00e8re pass\u00e9e hors de France.Je suis absolument autodidacte en formation Ad vitam aeternam, que ce soit professionnellement ou photographiquement\u00a0! Presque une fa\u00e7on d\u2019\u00eatre \u00e0 la vie\u2026D\u00e8s mon arriv\u00e9 \u00e0 Lyon, disposant de plus de temps et toujours habit\u00e9 par cette passion, je m\u2019y suis replong\u00e9 avec d\u00e9lectation\u00a0!<\/p>\n\n\n\n<p><i>&#8211; Quand et comment es-tu tomb\u00e9e dans la photo ? Qu\u2019est-ce que cela repr\u00e9sente pour toi ?<\/i><br>J\u2019ai commenc\u00e9 \u00e0 faire des photos durant mon adolescence gr\u00e2ce \u00e0 un ami d\u00e9j\u00e0 aguerri qui m\u2019a vendu mon premier appareil, un l\u00e9gendaire Z\u00e9nith. Oui, au cr\u00e9tac\u00e9 vivaient les Z\u00e9nith, une esp\u00e8ce alors tr\u00e8s r\u00e9pandue, robuste cyclope au corps souvent couvert d\u2019un \u00e9pais cuir brun, originaire des steppes de l\u2019Oural.S\u2019ensuivit un apprentissage assoiff\u00e9 de ce nouvel \u0153il du noir et blanc. Puis la vie m\u2019a beaucoup promen\u00e9 dans son exigeant maelstrom, laissant la photo les bras ballants sur une berge d\u00e9sert\u00e9e. Pourtant je suis sans cesse revenu par crises lui reprendre la main.C\u2019est toujours rest\u00e9 un mode d\u2019expression privil\u00e9gi\u00e9, une jolie communion entre mon regard, ma sensibilit\u00e9, l\u2019appareil et ce que nous lui faisons dire.<\/p>\n\n\n\n<p><i>&#8211; Quels sont les sujets qui t\u2019int\u00e9ressent ? Qu\u2019est-ce que tu y cherches, y trouves ?<\/i><br>Pas de sujet \u00e9lu\u00a0! Par contre grosse pr\u00e9dilection pour le NetB, une insatiable curiosit\u00e9, un go\u00fbt pour l\u2019humain tr\u00e8s prononc\u00e9 et une soif inextinguible de rencontres et \u00e9changes. A contrario un d\u00e9sint\u00e9r\u00eat total pour le mat\u00e9riel photo et sa technique, hors les champs in\u00e9vitables. Mes antennes me guident principalement vers la photo de rue, tous les types de photos de rue en fait. L\u2019humain et ce qu\u2019il fait de ce qu\u2019il a fait, mais aussi juste dans ce qu\u2019il a fait. Un peu d\u2019urbex et d\u2019urbain, du portrait, du nu, en ext\u00e9rieur ou studio,\u2026 En somme, je suis souvent derri\u00e8re l\u2019objectif sans pour autant en avoir de pr\u00e9cis sur l\u2019instant. Juste disponible \u00e0 ce qui arrivera et ce que j\u2019en verrai.<\/p>\n\n\n\n<p><i>&#8211; Qui sont les photographes qui t\u2019inspirent ou dont tu appr\u00e9cies particuli\u00e8rement le travail ?<\/i><br>J\u2019avoue que j\u2019ai une m\u00e9moire des noms tr\u00e8s capricieuse. Je me souviens bien mieux des images que des noms de leurs auteurs. Mais bien s\u00fbr, principalement des photographes dits humanistes pour les plus anciens et de rue pour les plus jeunes. Les pr\u00e9curseurs que l\u2019on ne nomme plus et aussi aujourd\u2019hui par exemple Jean Christophe B\u00e9chet, dont j\u2019appr\u00e9cie particuli\u00e8rement la perception de la photographie aujourd\u2019hui.<br><\/p>\n\n\n\n<p><i>&#8211; Qu\u2019est-ce que tu pr\u00e9sentes dans ton exposition ?<\/i><br>A\u00efe\u00a0! J\u2019ai \u00e9crit un assez long texte pour parler mieux que moi de ce travail, mais les lignes imparties ne l\u2019autorisent pas. Alors pour faire un extrait concentr\u00e9 et lyophilis\u00e9 de la d\u00e9marche, je dirais qu\u2019il s\u2019agit d\u2019images de moments de vies \u00e9teintes, leur simple histoire domestique et quotidienne\u2026<br><\/p>\n\n\n\n<p><i>&#8211; Et pour la suite ? Des projets, des envies de d\u00e9couvertes, d\u2019\u00e9volution ?<\/i><br>Oui j\u2019aimerai aller vers un humble travail de documentation. \u00catre moins opportuniste dans la prise de vue et au-del\u00e0 du plaisir de faire des images qui me plaisent et me parlent, \u00e9laborer des travaux plus construits. Quelques sujets sont sur le feu.<\/p>\n\n\n\n<p><i>-Lien hypertexte vers le site internet o\u00f9 l\u2019on peut te retrouver : <\/i><br><a href=\"https:\/\/www.facebook.com\/Laurent-Penvern-Photographie-484748381661595\">https:\/\/www.facebook.com\/Laurent-Penvern-Photographie-484748381661595<\/a><\/p>\n\n\n\n<div class=\"wp-block-image\"><figure class=\"aligncenter size-large\"><a href=\"http:\/\/grain-dpixel.fr\/info\/wp-content\/uploads\/2022\/08\/Laurent-PENVERN-photo-signature-scaled.jpg\"><img fetchpriority=\"high\" decoding=\"async\" width=\"683\" height=\"1024\" src=\"http:\/\/grain-dpixel.fr\/info\/wp-content\/uploads\/2022\/08\/Laurent-PENVERN-photo-signature-683x1024.jpg\" alt=\"\" class=\"wp-image-10751\" srcset=\"https:\/\/grain-dpixel.fr\/info\/wp-content\/uploads\/2022\/08\/Laurent-PENVERN-photo-signature-683x1024.jpg 683w, https:\/\/grain-dpixel.fr\/info\/wp-content\/uploads\/2022\/08\/Laurent-PENVERN-photo-signature-200x300.jpg 200w, https:\/\/grain-dpixel.fr\/info\/wp-content\/uploads\/2022\/08\/Laurent-PENVERN-photo-signature-768x1152.jpg 768w, https:\/\/grain-dpixel.fr\/info\/wp-content\/uploads\/2022\/08\/Laurent-PENVERN-photo-signature-1024x1536.jpg 1024w, https:\/\/grain-dpixel.fr\/info\/wp-content\/uploads\/2022\/08\/Laurent-PENVERN-photo-signature-1365x2048.jpg 1365w, https:\/\/grain-dpixel.fr\/info\/wp-content\/uploads\/2022\/08\/Laurent-PENVERN-photo-signature-scaled.jpg 1707w\" sizes=\"(max-width: 683px) 100vw, 683px\" \/><\/a><\/figure><\/div>\n\n\n\n<div class=\"wp-block-image\"><figure class=\"aligncenter size-full\"><a href=\"http:\/\/grain-dpixel.fr\/info\/wp-content\/uploads\/2022\/08\/Bandeau-fB-et-site-2022-1656-x-630.jpg\"><img decoding=\"async\" width=\"1656\" height=\"630\" src=\"http:\/\/grain-dpixel.fr\/info\/wp-content\/uploads\/2022\/08\/Bandeau-fB-et-site-2022-1656-x-630.jpg\" alt=\"\" class=\"wp-image-10860\" srcset=\"https:\/\/grain-dpixel.fr\/info\/wp-content\/uploads\/2022\/08\/Bandeau-fB-et-site-2022-1656-x-630.jpg 1656w, https:\/\/grain-dpixel.fr\/info\/wp-content\/uploads\/2022\/08\/Bandeau-fB-et-site-2022-1656-x-630-300x114.jpg 300w, https:\/\/grain-dpixel.fr\/info\/wp-content\/uploads\/2022\/08\/Bandeau-fB-et-site-2022-1656-x-630-1024x390.jpg 1024w, https:\/\/grain-dpixel.fr\/info\/wp-content\/uploads\/2022\/08\/Bandeau-fB-et-site-2022-1656-x-630-768x292.jpg 768w, https:\/\/grain-dpixel.fr\/info\/wp-content\/uploads\/2022\/08\/Bandeau-fB-et-site-2022-1656-x-630-1536x584.jpg 1536w\" sizes=\"(max-width: 1656px) 100vw, 1656px\" \/><\/a><\/figure><\/div>\n","protected":false},"excerpt":{"rendered":"<p>Exposition au Kursaal les 22 et 23 octobre 2022 &#8211; Quelques mots pour te pr\u00e9senter :Je suis Laurent Penvern, j\u2019habite \u00e0 Lyon depuis 5 ans o\u00f9 je suis venu rejoindre [&hellip;]<\/p>\n","protected":false},"author":76,"featured_media":10751,"comment_status":"open","ping_status":"open","sticky":false,"template":"","format":"standard","meta":{"_bbp_topic_count":0,"_bbp_reply_count":0,"_bbp_total_topic_count":0,"_bbp_total_reply_count":0,"_bbp_voice_count":0,"_bbp_anonymous_reply_count":0,"_bbp_topic_count_hidden":0,"_bbp_reply_count_hidden":0,"_bbp_forum_subforum_count":0,"_monsterinsights_skip_tracking":false,"_monsterinsights_sitenote_active":false,"_monsterinsights_sitenote_note":"","_monsterinsights_sitenote_category":0,"_jetpack_memberships_contains_paid_content":false,"footnotes":""},"categories":[4,162,164],"tags":[],"class_list":["post-10639","post","type-post","status-publish","format-standard","has-post-thumbnail","hentry","category-exposition","category-festival-2022","category-interview-2022"],"jetpack_featured_media_url":"https:\/\/grain-dpixel.fr\/info\/wp-content\/uploads\/2022\/08\/Laurent-PENVERN-photo-signature-scaled.jpg","jetpack_sharing_enabled":true,"_links":{"self":[{"href":"https:\/\/grain-dpixel.fr\/info\/wp-json\/wp\/v2\/posts\/10639","targetHints":{"allow":["GET"]}}],"collection":[{"href":"https:\/\/grain-dpixel.fr\/info\/wp-json\/wp\/v2\/posts"}],"about":[{"href":"https:\/\/grain-dpixel.fr\/info\/wp-json\/wp\/v2\/types\/post"}],"author":[{"embeddable":true,"href":"https:\/\/grain-dpixel.fr\/info\/wp-json\/wp\/v2\/users\/76"}],"replies":[{"embeddable":true,"href":"https:\/\/grain-dpixel.fr\/info\/wp-json\/wp\/v2\/comments?post=10639"}],"version-history":[{"count":2,"href":"https:\/\/grain-dpixel.fr\/info\/wp-json\/wp\/v2\/posts\/10639\/revisions"}],"predecessor-version":[{"id":10922,"href":"https:\/\/grain-dpixel.fr\/info\/wp-json\/wp\/v2\/posts\/10639\/revisions\/10922"}],"wp:featuredmedia":[{"embeddable":true,"href":"https:\/\/grain-dpixel.fr\/info\/wp-json\/wp\/v2\/media\/10751"}],"wp:attachment":[{"href":"https:\/\/grain-dpixel.fr\/info\/wp-json\/wp\/v2\/media?parent=10639"}],"wp:term":[{"taxonomy":"category","embeddable":true,"href":"https:\/\/grain-dpixel.fr\/info\/wp-json\/wp\/v2\/categories?post=10639"},{"taxonomy":"post_tag","embeddable":true,"href":"https:\/\/grain-dpixel.fr\/info\/wp-json\/wp\/v2\/tags?post=10639"}],"curies":[{"name":"wp","href":"https:\/\/api.w.org\/{rel}","templated":true}]}}