{"id":10636,"date":"2022-10-14T06:00:00","date_gmt":"2022-10-14T04:00:00","guid":{"rendered":"http:\/\/grain-dpixel.fr\/info\/?p=10636"},"modified":"2022-10-14T07:32:46","modified_gmt":"2022-10-14T05:32:46","slug":"interview-de-laurent-pouget","status":"publish","type":"post","link":"https:\/\/grain-dpixel.fr\/info\/interview-de-laurent-pouget\/","title":{"rendered":"Interview de Laurent POUGET"},"content":{"rendered":"\n<h3 class=\"has-text-align-center wp-block-heading\">Exposition au Kursaal les 22 et 23 octobre 2022<\/h3>\n\n\n\n<p><i>&#8211; Quelques mots pour te pr\u00e9senter :<\/i><br>Ard\u00e9chois d\u2019origine, je vis et travaille actuellement dans le Nord Is\u00e8re, dans la Vall\u00e9e du Rh\u00f4ne. Petit, je r\u00eavais d\u2019\u00eatre astronaute, je passais mon temps le nez point\u00e9 en l\u2019air \u00e0 observer la beaut\u00e9 du ciel et de la nature&nbsp;? Aujourd\u2019hui je revendique ce c\u00f4t\u00e9 contemplatif, mais mon regard s\u2019est port\u00e9 vers d\u2019autres \u00e9toiles.<\/p>\n\n\n\n<p><i>&#8211; Quand et comment es-tu tomb\u00e9e dans la photo ? Qu\u2019est-ce que cela repr\u00e9sente pour toi ?<\/i><br>Je suis tomb\u00e9 dans la marmite tout petit, avec un appareil photo promotionnel en plastique, puis en m\u2019amusant avec l\u2019agrandisseur de mon p\u00e8re. Depuis la photographie ne m\u2019a pas quitt\u00e9. Il s\u2019agit pour moi d\u2019un mode d\u2019expression pour aborder des sujets qui peuvent m\u2019\u00e9mouvoir. Sur le plan technique, je suis autodidacte, j\u2019utilise tous les proc\u00e9d\u00e9s et appareils qui produisent une image qu\u2019ils soient alternatifs, argentiques ou num\u00e9riques. Ce sont pour moi des outils. Reste \u00e0 trouver le plus adapt\u00e9 pour exprimer ce que je souhaite dire.<\/p>\n\n\n\n<p><i>&#8211; Quels sont les sujets qui t\u2019int\u00e9ressent ? Qu\u2019est-ce que tu y cherches, y trouves ?<\/i><br>Ayant longtemps collabor\u00e9 avec une ethnologue, mon travail photographique s\u2019inscrit principalement dans l\u2019humain, sa position dans la soci\u00e9t\u00e9 ou l\u2019influence de celle-ci sur son environnement, son comportement, son \u00e2me. A travers mes images, j\u2019aime montrer les gens tels que je les ressens, tels qu\u2019ils me touchent. Je donne \u00e0 lire des lieux de vie, des empreintes de passage. Entre r\u00e9el, imaginaire et introspection je me livre de plus en plus dans mes images.<\/p>\n\n\n\n<p><i>&#8211; Qui sont les photographes qui t\u2019inspirent ou dont tu appr\u00e9cies particuli\u00e8rement le travail ?<\/i><br>Je ne vais pas \u00eatre original dans mes choix de photographes. Il y a tous les photographes humanistes bien s\u00fbr comme Henri Cartier Bresson, Robert Doisneau, Edouard Boubat. Mais j\u2019aime beaucoup \u00e9galement le travail de photographes comme Helmut Newton, Peter Linbergh, Jean-Loup Sieff, Dominique Issermann\u2026 la liste pourrait \u00eatre tr\u00e8s longue.<\/p>\n\n\n\n<p><i>&#8211; Qu\u2019est-ce que tu pr\u00e9sentes dans ton exposition ?<\/i><br>La s\u00e9rie pr\u00e9sent\u00e9e pour le festival est n\u00e9e d\u2019un m\u00e9lange de sentiments. Entre la fin d\u2019une p\u00e9riode de ma vie, le d\u00e9part d\u2019un \u00eatre cher, des blessures profondes enfouies au fond de moi et les souvenirs heureux d\u2019une enfance ou de l\u2019adolescence. Une interrogation sur ma place d\u2019\u00eatre humain, mes besoins primaires, et l\u2019harmonie de la vie.<\/p>\n\n\n\n<p><i>&#8211; Et pour la suite ? Des projets, des envies de d\u00e9couvertes, d\u2019\u00e9volution ?<\/i><br>Je ne pr\u00e9vois rien \u00e0 l\u2019avance, j\u2019avance au jour le jour. Quand un sujet \u00e9branle ma sensibilit\u00e9 alors je creuse et j\u2019essaye de le traiter \u00e0 ma fa\u00e7on, avec mon esth\u00e9tique. Souvent je torture mes images. Elles ne sont pas conventionnelles ni dans la d\u00e9finition ni dans les cadrages, mais \u00e7a me ressemble.<\/p>\n\n\n\n<p><i>-Lien hypertexte vers le site internet o\u00f9 l\u2019on peut te retrouver : <\/i><br>www.laurentpouget.fr<\/p>\n\n\n<div class=\"wp-block-image\">\n<figure class=\"aligncenter size-large\"><a href=\"http:\/\/grain-dpixel.fr\/info\/wp-content\/uploads\/2022\/08\/Laurent-POUGET-photo-signature.jpg\"><img fetchpriority=\"high\" decoding=\"async\" width=\"1024\" height=\"1024\" src=\"http:\/\/grain-dpixel.fr\/info\/wp-content\/uploads\/2022\/08\/Laurent-POUGET-photo-signature-1024x1024.jpg\" alt=\"\" class=\"wp-image-10752\" srcset=\"https:\/\/grain-dpixel.fr\/info\/wp-content\/uploads\/2022\/08\/Laurent-POUGET-photo-signature-1024x1024.jpg 1024w, https:\/\/grain-dpixel.fr\/info\/wp-content\/uploads\/2022\/08\/Laurent-POUGET-photo-signature-300x300.jpg 300w, https:\/\/grain-dpixel.fr\/info\/wp-content\/uploads\/2022\/08\/Laurent-POUGET-photo-signature-150x150.jpg 150w, https:\/\/grain-dpixel.fr\/info\/wp-content\/uploads\/2022\/08\/Laurent-POUGET-photo-signature-768x768.jpg 768w, https:\/\/grain-dpixel.fr\/info\/wp-content\/uploads\/2022\/08\/Laurent-POUGET-photo-signature-1536x1536.jpg 1536w, https:\/\/grain-dpixel.fr\/info\/wp-content\/uploads\/2022\/08\/Laurent-POUGET-photo-signature.jpg 2048w\" sizes=\"(max-width: 1024px) 100vw, 1024px\" \/><\/a><\/figure><\/div>\n\n<div class=\"wp-block-image\">\n<figure class=\"aligncenter size-full\"><a href=\"http:\/\/grain-dpixel.fr\/info\/wp-content\/uploads\/2022\/08\/Bandeau-fB-et-site-2022-1656-x-630.jpg\"><img decoding=\"async\" width=\"1656\" height=\"630\" src=\"http:\/\/grain-dpixel.fr\/info\/wp-content\/uploads\/2022\/08\/Bandeau-fB-et-site-2022-1656-x-630.jpg\" alt=\"\" class=\"wp-image-10860\" srcset=\"https:\/\/grain-dpixel.fr\/info\/wp-content\/uploads\/2022\/08\/Bandeau-fB-et-site-2022-1656-x-630.jpg 1656w, https:\/\/grain-dpixel.fr\/info\/wp-content\/uploads\/2022\/08\/Bandeau-fB-et-site-2022-1656-x-630-300x114.jpg 300w, https:\/\/grain-dpixel.fr\/info\/wp-content\/uploads\/2022\/08\/Bandeau-fB-et-site-2022-1656-x-630-1024x390.jpg 1024w, https:\/\/grain-dpixel.fr\/info\/wp-content\/uploads\/2022\/08\/Bandeau-fB-et-site-2022-1656-x-630-768x292.jpg 768w, https:\/\/grain-dpixel.fr\/info\/wp-content\/uploads\/2022\/08\/Bandeau-fB-et-site-2022-1656-x-630-1536x584.jpg 1536w\" sizes=\"(max-width: 1656px) 100vw, 1656px\" \/><\/a><\/figure><\/div>","protected":false},"excerpt":{"rendered":"<p>Exposition au Kursaal les 22 et 23 octobre 2022 &#8211; Quelques mots pour te pr\u00e9senter :Ard\u00e9chois d\u2019origine, je vis et travaille actuellement dans le Nord Is\u00e8re, dans la Vall\u00e9e du [&hellip;]<\/p>\n","protected":false},"author":76,"featured_media":10752,"comment_status":"open","ping_status":"open","sticky":false,"template":"","format":"standard","meta":{"_bbp_topic_count":0,"_bbp_reply_count":0,"_bbp_total_topic_count":0,"_bbp_total_reply_count":0,"_bbp_voice_count":0,"_bbp_anonymous_reply_count":0,"_bbp_topic_count_hidden":0,"_bbp_reply_count_hidden":0,"_bbp_forum_subforum_count":0,"_monsterinsights_skip_tracking":false,"_monsterinsights_sitenote_active":false,"_monsterinsights_sitenote_note":"","_monsterinsights_sitenote_category":0,"_jetpack_memberships_contains_paid_content":false,"footnotes":""},"categories":[4,162,164],"tags":[],"class_list":["post-10636","post","type-post","status-publish","format-standard","has-post-thumbnail","hentry","category-exposition","category-festival-2022","category-interview-2022"],"jetpack_featured_media_url":"https:\/\/grain-dpixel.fr\/info\/wp-content\/uploads\/2022\/08\/Laurent-POUGET-photo-signature.jpg","jetpack_sharing_enabled":true,"_links":{"self":[{"href":"https:\/\/grain-dpixel.fr\/info\/wp-json\/wp\/v2\/posts\/10636","targetHints":{"allow":["GET"]}}],"collection":[{"href":"https:\/\/grain-dpixel.fr\/info\/wp-json\/wp\/v2\/posts"}],"about":[{"href":"https:\/\/grain-dpixel.fr\/info\/wp-json\/wp\/v2\/types\/post"}],"author":[{"embeddable":true,"href":"https:\/\/grain-dpixel.fr\/info\/wp-json\/wp\/v2\/users\/76"}],"replies":[{"embeddable":true,"href":"https:\/\/grain-dpixel.fr\/info\/wp-json\/wp\/v2\/comments?post=10636"}],"version-history":[{"count":3,"href":"https:\/\/grain-dpixel.fr\/info\/wp-json\/wp\/v2\/posts\/10636\/revisions"}],"predecessor-version":[{"id":11160,"href":"https:\/\/grain-dpixel.fr\/info\/wp-json\/wp\/v2\/posts\/10636\/revisions\/11160"}],"wp:featuredmedia":[{"embeddable":true,"href":"https:\/\/grain-dpixel.fr\/info\/wp-json\/wp\/v2\/media\/10752"}],"wp:attachment":[{"href":"https:\/\/grain-dpixel.fr\/info\/wp-json\/wp\/v2\/media?parent=10636"}],"wp:term":[{"taxonomy":"category","embeddable":true,"href":"https:\/\/grain-dpixel.fr\/info\/wp-json\/wp\/v2\/categories?post=10636"},{"taxonomy":"post_tag","embeddable":true,"href":"https:\/\/grain-dpixel.fr\/info\/wp-json\/wp\/v2\/tags?post=10636"}],"curies":[{"name":"wp","href":"https:\/\/api.w.org\/{rel}","templated":true}]}}