{"id":10633,"date":"2022-10-17T06:00:00","date_gmt":"2022-10-17T04:00:00","guid":{"rendered":"http:\/\/grain-dpixel.fr\/info\/?p=10633"},"modified":"2022-08-31T21:46:08","modified_gmt":"2022-08-31T19:46:08","slug":"interview-de-thierry-camus","status":"publish","type":"post","link":"https:\/\/grain-dpixel.fr\/info\/interview-de-thierry-camus\/","title":{"rendered":"Interview de Thierry CAMUS"},"content":{"rendered":"\n<h3 class=\"has-text-align-center wp-block-heading\">Exposition au Kursaal les 22 et 23 octobre 2022<\/h3>\n\n\n\n<p><i>&#8211; Quelques mots pour te pr\u00e9senter :<\/i><br><\/p>\n\n\n\n<p><i>&#8211; Quand et comment es-tu tomb\u00e9e dans la photo ? Qu\u2019est-ce que cela repr\u00e9sente pour toi ?<\/i><br>J\u2019ai toujours eu un appareil photo entre les mains d\u00e8s mon adolescence et la photo r\u00e9pond au besoin et \u00e0 l\u2019envie, secr\u00e8te, de laisser une trace de ma vision et de transmettre une \u00e9motion.<\/p>\n\n\n\n<p><i>&#8211; Quels sont les sujets qui t\u2019int\u00e9ressent ? Qu\u2019est-ce que tu y cherches, y trouves ?<\/i><br>Je me passionne d&rsquo;abord pour la photo d&rsquo;ARCHITECTURE et la ville est mon in\u00e9puisable source d\u2019inspiration, ce n\u2019est pas le b\u00e2timent en lui-m\u00eame qui m\u2019int\u00e9resse, mais ses LIGNES et ses COULEURS.<\/p>\n\n\n\n<p><i>&#8211; Qui sont les photographes qui t\u2019inspirent ou dont tu appr\u00e9cies particuli\u00e8rement le travail ?<\/i><br>Il y en a tant ! Le monde de la photo est si divers \u2026 dans tous les cas, il faut de la couleur, des lignes, de la mise en sc\u00e8ne, du th\u00e9\u00e2tral \u2026 je citerai sans r\u00e9fl\u00e9chir THIERRY MUGLER, ALI MAHDAVI, MARGUERITE BORNHAUSER \u2026<\/p>\n\n\n\n<p><i>&#8211; Qu\u2019est-ce que tu pr\u00e9sentes dans ton exposition ?<\/i><br>Mes images sont graphiques, jouant avec la g\u00e9om\u00e9trie, \u00e0 la recherche d\u2019entrelacs de passerelles, de poutres, de barres m\u00e9talliques, de cables, de lumi\u00e8res ou d\u2019ombres. Elles sont captur\u00e9es de mani\u00e8re frontale, minimaliste, dessinant les formes sur un ciel bleu profond pour exacerber force et mat\u00e9rialit\u00e9 mais aussi \u2026 pour laisser l\u2019imagination s\u2019envoler&#8230;<\/p>\n\n\n\n<p><i>&#8211; Et pour la suite ? Des projets, des envies de d\u00e9couvertes, d\u2019\u00e9volution ?<\/i><br>Mes nouvelles s\u00e9ries sont des natures mortes, des images des objets de ma vie quotidienne. Cela reste pour moi de l\u2019architecte, mais int\u00e9rieure, avec le m\u00eame fil conducteur, les lignes et la couleur, mais en ajoutant PO\u00c9SIE et SENSUALIT\u00c9. J\u2019ai envie d\u2019aller plus loin que la photo en \u00e9voluant vers le DESIGN GRAPHIQUE, en m\u00ealant photos, textes, typos, mises en page \u2026<\/p>\n\n\n\n<p><i>-Lien hypertexte vers le site internet o\u00f9 l\u2019on peut te retrouver : <\/i><br><a href=\"http:\/\/www.tcphotos.fr\" target=\"_blank\" rel=\"noreferrer noopener\">www.tcphotos.fr<\/a><\/p>\n\n\n\n<div class=\"wp-block-image\"><figure class=\"aligncenter size-large\"><a href=\"http:\/\/grain-dpixel.fr\/info\/wp-content\/uploads\/2022\/08\/Thierry-CAMUS-photo-signature.jpg\"><img fetchpriority=\"high\" decoding=\"async\" width=\"1024\" height=\"1024\" src=\"http:\/\/grain-dpixel.fr\/info\/wp-content\/uploads\/2022\/08\/Thierry-CAMUS-photo-signature-1024x1024.jpg\" alt=\"\" class=\"wp-image-10773\" srcset=\"https:\/\/grain-dpixel.fr\/info\/wp-content\/uploads\/2022\/08\/Thierry-CAMUS-photo-signature-1024x1024.jpg 1024w, https:\/\/grain-dpixel.fr\/info\/wp-content\/uploads\/2022\/08\/Thierry-CAMUS-photo-signature-300x300.jpg 300w, https:\/\/grain-dpixel.fr\/info\/wp-content\/uploads\/2022\/08\/Thierry-CAMUS-photo-signature-150x150.jpg 150w, https:\/\/grain-dpixel.fr\/info\/wp-content\/uploads\/2022\/08\/Thierry-CAMUS-photo-signature-768x768.jpg 768w, https:\/\/grain-dpixel.fr\/info\/wp-content\/uploads\/2022\/08\/Thierry-CAMUS-photo-signature-1536x1536.jpg 1536w, https:\/\/grain-dpixel.fr\/info\/wp-content\/uploads\/2022\/08\/Thierry-CAMUS-photo-signature.jpg 2048w\" sizes=\"(max-width: 1024px) 100vw, 1024px\" \/><\/a><\/figure><\/div>\n\n\n\n<div class=\"wp-block-image\"><figure class=\"aligncenter size-full\"><a href=\"http:\/\/grain-dpixel.fr\/info\/wp-content\/uploads\/2022\/08\/Bandeau-fB-et-site-2022-1656-x-630.jpg\"><img decoding=\"async\" width=\"1656\" height=\"630\" src=\"http:\/\/grain-dpixel.fr\/info\/wp-content\/uploads\/2022\/08\/Bandeau-fB-et-site-2022-1656-x-630.jpg\" alt=\"\" class=\"wp-image-10860\" srcset=\"https:\/\/grain-dpixel.fr\/info\/wp-content\/uploads\/2022\/08\/Bandeau-fB-et-site-2022-1656-x-630.jpg 1656w, https:\/\/grain-dpixel.fr\/info\/wp-content\/uploads\/2022\/08\/Bandeau-fB-et-site-2022-1656-x-630-300x114.jpg 300w, https:\/\/grain-dpixel.fr\/info\/wp-content\/uploads\/2022\/08\/Bandeau-fB-et-site-2022-1656-x-630-1024x390.jpg 1024w, https:\/\/grain-dpixel.fr\/info\/wp-content\/uploads\/2022\/08\/Bandeau-fB-et-site-2022-1656-x-630-768x292.jpg 768w, https:\/\/grain-dpixel.fr\/info\/wp-content\/uploads\/2022\/08\/Bandeau-fB-et-site-2022-1656-x-630-1536x584.jpg 1536w\" sizes=\"(max-width: 1656px) 100vw, 1656px\" \/><\/a><\/figure><\/div>\n","protected":false},"excerpt":{"rendered":"<p>Exposition au Kursaal les 22 et 23 octobre 2022 &#8211; Quelques mots pour te pr\u00e9senter : &#8211; Quand et comment es-tu tomb\u00e9e dans la photo ? Qu\u2019est-ce que cela repr\u00e9sente [&hellip;]<\/p>\n","protected":false},"author":76,"featured_media":10773,"comment_status":"open","ping_status":"open","sticky":false,"template":"","format":"standard","meta":{"_bbp_topic_count":0,"_bbp_reply_count":0,"_bbp_total_topic_count":0,"_bbp_total_reply_count":0,"_bbp_voice_count":0,"_bbp_anonymous_reply_count":0,"_bbp_topic_count_hidden":0,"_bbp_reply_count_hidden":0,"_bbp_forum_subforum_count":0,"_monsterinsights_skip_tracking":false,"_monsterinsights_sitenote_active":false,"_monsterinsights_sitenote_note":"","_monsterinsights_sitenote_category":0,"_jetpack_memberships_contains_paid_content":false,"footnotes":""},"categories":[4,162,164],"tags":[],"class_list":["post-10633","post","type-post","status-publish","format-standard","has-post-thumbnail","hentry","category-exposition","category-festival-2022","category-interview-2022"],"jetpack_featured_media_url":"https:\/\/grain-dpixel.fr\/info\/wp-content\/uploads\/2022\/08\/Thierry-CAMUS-photo-signature.jpg","jetpack_sharing_enabled":true,"_links":{"self":[{"href":"https:\/\/grain-dpixel.fr\/info\/wp-json\/wp\/v2\/posts\/10633","targetHints":{"allow":["GET"]}}],"collection":[{"href":"https:\/\/grain-dpixel.fr\/info\/wp-json\/wp\/v2\/posts"}],"about":[{"href":"https:\/\/grain-dpixel.fr\/info\/wp-json\/wp\/v2\/types\/post"}],"author":[{"embeddable":true,"href":"https:\/\/grain-dpixel.fr\/info\/wp-json\/wp\/v2\/users\/76"}],"replies":[{"embeddable":true,"href":"https:\/\/grain-dpixel.fr\/info\/wp-json\/wp\/v2\/comments?post=10633"}],"version-history":[{"count":2,"href":"https:\/\/grain-dpixel.fr\/info\/wp-json\/wp\/v2\/posts\/10633\/revisions"}],"predecessor-version":[{"id":10926,"href":"https:\/\/grain-dpixel.fr\/info\/wp-json\/wp\/v2\/posts\/10633\/revisions\/10926"}],"wp:featuredmedia":[{"embeddable":true,"href":"https:\/\/grain-dpixel.fr\/info\/wp-json\/wp\/v2\/media\/10773"}],"wp:attachment":[{"href":"https:\/\/grain-dpixel.fr\/info\/wp-json\/wp\/v2\/media?parent=10633"}],"wp:term":[{"taxonomy":"category","embeddable":true,"href":"https:\/\/grain-dpixel.fr\/info\/wp-json\/wp\/v2\/categories?post=10633"},{"taxonomy":"post_tag","embeddable":true,"href":"https:\/\/grain-dpixel.fr\/info\/wp-json\/wp\/v2\/tags?post=10633"}],"curies":[{"name":"wp","href":"https:\/\/api.w.org\/{rel}","templated":true}]}}