{"id":10632,"date":"2022-10-15T06:00:00","date_gmt":"2022-10-15T04:00:00","guid":{"rendered":"http:\/\/grain-dpixel.fr\/info\/?p=10632"},"modified":"2022-08-31T21:45:51","modified_gmt":"2022-08-31T19:45:51","slug":"interview-de-bernard-lepley-2","status":"publish","type":"post","link":"https:\/\/grain-dpixel.fr\/info\/interview-de-bernard-lepley-2\/","title":{"rendered":"Interview de Bernard LEPLEY"},"content":{"rendered":"\n<h3 class=\"has-text-align-center wp-block-heading\">Exposition au Kursaal les 22 et 23 octobre 2022<\/h3>\n\n\n\n<p><i>&#8211; Quelques mots pour te pr\u00e9senter :<\/i><br>J&rsquo;ai d\u00e9but\u00e9 la photo en \u00e9tant \u00e9tudiant et en installant un labo argentique chez moi. Par la suite, apr\u00e8s ma carri\u00e8re professionnelle et avec l&rsquo;av\u00e8nement du num\u00e9rique, j&rsquo;ai repris cette activit\u00e9 par le biais de clubs photo et de contacts avec des photographes professionnels, avec lesquels je me suis perfectionn\u00e9.<\/p>\n\n\n\n<p><i>&#8211; Quand et comment es-tu tomb\u00e9e dans la photo ? Qu\u2019est-ce que cela repr\u00e9sente pour toi ?<\/i><br>D\u00e8s l&rsquo;\u00e2ge de 15-16 ans j&rsquo;ai commenc\u00e9 \u00e0 faire mes premiers clich\u00e9s. C&rsquo;est une passion qui ne m&rsquo;a pas quitt\u00e9, m\u00eame si elle a \u00e9t\u00e9 interrompue pendant pr\u00e8s de 40 ans, jusqu&rsquo;\u00e0 la retraite. La photo est maintenant pour moi une activit\u00e9 essentielle \u00e0 laquelle je consacre beaucoup de temps, sachant que je g\u00e8re toute la cha\u00eene , depuis la prise de vue, le post-traitement et l&rsquo;impression sur papiers que je consid\u00e8re encore comme une derni\u00e8re \u00e9tape fondamentale.<\/p>\n\n\n\n<p><i>&#8211; Quels sont les sujets qui t\u2019int\u00e9ressent ? Qu\u2019est-ce que tu y cherches, y trouves ?<\/i><br>Je me consacre enti\u00e8rement \u00e0 la photographie de paysages aquatiques, mer et rivi\u00e8res. Arriv\u00e9 depuis peu en Franche-Comt\u00e9, j\u2019ai \u00e9t\u00e9 s\u00e9duit par les atmosph\u00e8res romantiques des paysages de la r\u00e9gion, j\u2019y trouve un moyen d\u2019exprimer les \u00e9motions ressenties devant ces beaut\u00e9s naturelles en capturant les moments fugitifs que la lumi\u00e8re r\u00e9v\u00e8le. J\u2019ai tendance \u00e0 concevoir les paysages comme des tableaux, que ce soit dans cette r\u00e9gion o\u00f9 en Bretagne.<\/p>\n\n\n\n<p><i>&#8211; Qui sont les photographes qui t\u2019inspirent ou dont tu appr\u00e9cies particuli\u00e8rement le travail ?<\/i><br>La r\u00e9v\u00e9lation a \u00e9t\u00e9 bien s\u00fbr Ansel Adams, puis Mikael Kenna, les anglo-saxon du paysage : Colin Prior, Joe Cornish, Jeremy Walker&#8230;et les fran\u00e7ais avec Gustave Le Gray, Patrick Dieudonn\u00e9, Philippe Albanel, Ludovic Lagadec, Michel Loup pour la Franche-Comt\u00e9, etc&#8230;<\/p>\n\n\n\n<p><i>&#8211; Qu\u2019est-ce que tu pr\u00e9sentes dans ton exposition ?<\/i><br>La s\u00e9rie pr\u00e9sent\u00e9e \u00ab\u00a0De rocs et d\u2019\u00e9cume\u00bb a \u00e9t\u00e9 r\u00e9alis\u00e9e \u00e0 la suite de nombreux s\u00e9jours en Bretagne pendant les p\u00e9riodes d\u2019automne et d\u2019hiver, lorsque les lumi\u00e8res sont rasantes ou \u00e0 faible incidence et les conditions m\u00e9t\u00e9o plus favorables \u00e0 la photographie. Ce sont des photos Noir &amp; Blanc r\u00e9alis\u00e9es en pauses longues qui permettent de cr\u00e9er des effets d\u2019atmosph\u00e8res remarquables avec les nuages et les vagues qui se brisent sur les rochers.<\/p>\n\n\n\n<p><i>&#8211; Et pour la suite ? Des projets, des envies de d\u00e9couvertes, d\u2019\u00e9volution ?<\/i><br>Toujours continuer le paysage en Franche comt\u00e9 et ailleurs, Bretagne, etc\u2026 et sur les m\u00eames lieux, il faut pouvoir capter des lumi\u00e8res exceptionnelles en revenant maintes fois au m\u00eame endroit, en recherchant le moment d\u00e9cisif pour en faire profiter les visiteurs dans les diff\u00e9rentes expositions o\u00f9 je participe<em>.<\/em><\/p>\n\n\n\n<p><i>-Lien hypertexte vers le site internet o\u00f9 l\u2019on peut te retrouver : <\/i><br><a href=\"http:\/\/photo-bernardlepley.smugmug.com\" target=\"_blank\" rel=\"noreferrer noopener\">http:\/\/photo-bernardlepley.smugmug.com<\/a><\/p>\n\n\n\n<div class=\"wp-block-image\"><figure class=\"aligncenter size-large\"><a href=\"http:\/\/grain-dpixel.fr\/info\/wp-content\/uploads\/2022\/08\/Bernard-LEPLEY-Photo-Signature.jpg\"><img fetchpriority=\"high\" decoding=\"async\" width=\"1024\" height=\"683\" src=\"http:\/\/grain-dpixel.fr\/info\/wp-content\/uploads\/2022\/08\/Bernard-LEPLEY-Photo-Signature-1024x683.jpg\" alt=\"\" class=\"wp-image-10734\" srcset=\"https:\/\/grain-dpixel.fr\/info\/wp-content\/uploads\/2022\/08\/Bernard-LEPLEY-Photo-Signature-1024x683.jpg 1024w, https:\/\/grain-dpixel.fr\/info\/wp-content\/uploads\/2022\/08\/Bernard-LEPLEY-Photo-Signature-300x200.jpg 300w, https:\/\/grain-dpixel.fr\/info\/wp-content\/uploads\/2022\/08\/Bernard-LEPLEY-Photo-Signature-768x512.jpg 768w, https:\/\/grain-dpixel.fr\/info\/wp-content\/uploads\/2022\/08\/Bernard-LEPLEY-Photo-Signature-1536x1024.jpg 1536w, https:\/\/grain-dpixel.fr\/info\/wp-content\/uploads\/2022\/08\/Bernard-LEPLEY-Photo-Signature.jpg 2048w\" sizes=\"(max-width: 1024px) 100vw, 1024px\" \/><\/a><\/figure><\/div>\n\n\n\n<div class=\"wp-block-image\"><figure class=\"aligncenter size-full\"><a href=\"http:\/\/grain-dpixel.fr\/info\/wp-content\/uploads\/2022\/08\/Bandeau-fB-et-site-2022-1656-x-630.jpg\"><img decoding=\"async\" width=\"1656\" height=\"630\" src=\"http:\/\/grain-dpixel.fr\/info\/wp-content\/uploads\/2022\/08\/Bandeau-fB-et-site-2022-1656-x-630.jpg\" alt=\"\" class=\"wp-image-10860\" srcset=\"https:\/\/grain-dpixel.fr\/info\/wp-content\/uploads\/2022\/08\/Bandeau-fB-et-site-2022-1656-x-630.jpg 1656w, https:\/\/grain-dpixel.fr\/info\/wp-content\/uploads\/2022\/08\/Bandeau-fB-et-site-2022-1656-x-630-300x114.jpg 300w, https:\/\/grain-dpixel.fr\/info\/wp-content\/uploads\/2022\/08\/Bandeau-fB-et-site-2022-1656-x-630-1024x390.jpg 1024w, https:\/\/grain-dpixel.fr\/info\/wp-content\/uploads\/2022\/08\/Bandeau-fB-et-site-2022-1656-x-630-768x292.jpg 768w, https:\/\/grain-dpixel.fr\/info\/wp-content\/uploads\/2022\/08\/Bandeau-fB-et-site-2022-1656-x-630-1536x584.jpg 1536w\" sizes=\"(max-width: 1656px) 100vw, 1656px\" \/><\/a><\/figure><\/div>\n","protected":false},"excerpt":{"rendered":"<p>Exposition au Kursaal les 22 et 23 octobre 2022 &#8211; Quelques mots pour te pr\u00e9senter :J&rsquo;ai d\u00e9but\u00e9 la photo en \u00e9tant \u00e9tudiant et en installant un labo argentique chez moi. [&hellip;]<\/p>\n","protected":false},"author":76,"featured_media":10734,"comment_status":"open","ping_status":"open","sticky":false,"template":"","format":"standard","meta":{"_bbp_topic_count":0,"_bbp_reply_count":0,"_bbp_total_topic_count":0,"_bbp_total_reply_count":0,"_bbp_voice_count":0,"_bbp_anonymous_reply_count":0,"_bbp_topic_count_hidden":0,"_bbp_reply_count_hidden":0,"_bbp_forum_subforum_count":0,"_monsterinsights_skip_tracking":false,"_monsterinsights_sitenote_active":false,"_monsterinsights_sitenote_note":"","_monsterinsights_sitenote_category":0,"_jetpack_memberships_contains_paid_content":false,"footnotes":""},"categories":[4,162,164],"tags":[],"class_list":["post-10632","post","type-post","status-publish","format-standard","has-post-thumbnail","hentry","category-exposition","category-festival-2022","category-interview-2022"],"jetpack_featured_media_url":"https:\/\/grain-dpixel.fr\/info\/wp-content\/uploads\/2022\/08\/Bernard-LEPLEY-Photo-Signature.jpg","jetpack_sharing_enabled":true,"_links":{"self":[{"href":"https:\/\/grain-dpixel.fr\/info\/wp-json\/wp\/v2\/posts\/10632","targetHints":{"allow":["GET"]}}],"collection":[{"href":"https:\/\/grain-dpixel.fr\/info\/wp-json\/wp\/v2\/posts"}],"about":[{"href":"https:\/\/grain-dpixel.fr\/info\/wp-json\/wp\/v2\/types\/post"}],"author":[{"embeddable":true,"href":"https:\/\/grain-dpixel.fr\/info\/wp-json\/wp\/v2\/users\/76"}],"replies":[{"embeddable":true,"href":"https:\/\/grain-dpixel.fr\/info\/wp-json\/wp\/v2\/comments?post=10632"}],"version-history":[{"count":2,"href":"https:\/\/grain-dpixel.fr\/info\/wp-json\/wp\/v2\/posts\/10632\/revisions"}],"predecessor-version":[{"id":10924,"href":"https:\/\/grain-dpixel.fr\/info\/wp-json\/wp\/v2\/posts\/10632\/revisions\/10924"}],"wp:featuredmedia":[{"embeddable":true,"href":"https:\/\/grain-dpixel.fr\/info\/wp-json\/wp\/v2\/media\/10734"}],"wp:attachment":[{"href":"https:\/\/grain-dpixel.fr\/info\/wp-json\/wp\/v2\/media?parent=10632"}],"wp:term":[{"taxonomy":"category","embeddable":true,"href":"https:\/\/grain-dpixel.fr\/info\/wp-json\/wp\/v2\/categories?post=10632"},{"taxonomy":"post_tag","embeddable":true,"href":"https:\/\/grain-dpixel.fr\/info\/wp-json\/wp\/v2\/tags?post=10632"}],"curies":[{"name":"wp","href":"https:\/\/api.w.org\/{rel}","templated":true}]}}