{"id":10148,"date":"2022-03-14T11:41:40","date_gmt":"2022-03-14T10:41:40","guid":{"rendered":"http:\/\/grain-dpixel.fr\/info\/?p=10148"},"modified":"2022-07-12T08:44:08","modified_gmt":"2022-07-12T06:44:08","slug":"festival-photographie-besancon-2022-appel-a-candidatures","status":"publish","type":"post","link":"https:\/\/grain-dpixel.fr\/info\/festival-photographie-besancon-2022-appel-a-candidatures\/","title":{"rendered":"Festival Photographie Besan\u00e7on 2022 : Appel \u00e0 candidatures"},"content":{"rendered":"\n<p class=\"has-text-align-center has-huge-font-size\">L&rsquo;appel \u00e0 candidature est ouvert <br>du 1er avril au 15 mai 2022<\/p>\n\n\n\n<p class=\"has-text-align-center has-huge-font-size\">Pour candidater, <strong>t\u00e9l\u00e9chargez le r\u00e8glement complet<\/strong> ci-dessous. <br>Il contient toutes les instructions et le lien vers <strong>formulaire de candidature<\/strong><\/p>\n\n\n\n<div class=\"wp-block-file aligncenter\"><a id=\"wp-block-file--media-79917419-af92-4819-9e41-27e202ae8a1e\" href=\"http:\/\/grain-dpixel.fr\/info\/wp-content\/uploads\/2022\/03\/Reglement-Festival-Photographie-Besancon-2022.pdf\" target=\"_blank\" rel=\"noreferrer noopener\"><strong>R\u00e8glement Festival Photographie Besan\u00e7on 2022<\/strong><\/a><a href=\"http:\/\/grain-dpixel.fr\/info\/wp-content\/uploads\/2022\/03\/Reglement-Festival-Photographie-Besancon-2022.pdf\" class=\"wp-block-file__button\" download aria-describedby=\"wp-block-file--media-79917419-af92-4819-9e41-27e202ae8a1e\">T\u00e9l\u00e9charger<\/a><\/div>\n\n\n\n<p><\/p>\n","protected":false},"excerpt":{"rendered":"<p>L&rsquo;appel \u00e0 candidature est ouvert du 1er avril au 15 mai 2022 Pour candidater, t\u00e9l\u00e9chargez le r\u00e8glement complet ci-dessous. Il contient toutes les instructions et le lien vers formulaire de [&hellip;]<\/p>\n","protected":false},"author":1,"featured_media":10311,"comment_status":"open","ping_status":"open","sticky":false,"template":"","format":"standard","meta":{"_bbp_topic_count":0,"_bbp_reply_count":0,"_bbp_total_topic_count":0,"_bbp_total_reply_count":0,"_bbp_voice_count":0,"_bbp_anonymous_reply_count":0,"_bbp_topic_count_hidden":0,"_bbp_reply_count_hidden":0,"_bbp_forum_subforum_count":0,"_monsterinsights_skip_tracking":false,"_monsterinsights_sitenote_active":false,"_monsterinsights_sitenote_note":"","_monsterinsights_sitenote_category":0,"_jetpack_memberships_contains_paid_content":false,"footnotes":""},"categories":[56,162],"tags":[],"class_list":["post-10148","post","type-post","status-publish","format-standard","has-post-thumbnail","hentry","category-festival","category-festival-2022"],"jetpack_featured_media_url":"https:\/\/grain-dpixel.fr\/info\/wp-content\/uploads\/2022\/03\/Annonce-appel-a-candidature-2022-cest-maintenant-773x253-1.jpg","jetpack_sharing_enabled":true,"_links":{"self":[{"href":"https:\/\/grain-dpixel.fr\/info\/wp-json\/wp\/v2\/posts\/10148","targetHints":{"allow":["GET"]}}],"collection":[{"href":"https:\/\/grain-dpixel.fr\/info\/wp-json\/wp\/v2\/posts"}],"about":[{"href":"https:\/\/grain-dpixel.fr\/info\/wp-json\/wp\/v2\/types\/post"}],"author":[{"embeddable":true,"href":"https:\/\/grain-dpixel.fr\/info\/wp-json\/wp\/v2\/users\/1"}],"replies":[{"embeddable":true,"href":"https:\/\/grain-dpixel.fr\/info\/wp-json\/wp\/v2\/comments?post=10148"}],"version-history":[{"count":6,"href":"https:\/\/grain-dpixel.fr\/info\/wp-json\/wp\/v2\/posts\/10148\/revisions"}],"predecessor-version":[{"id":10541,"href":"https:\/\/grain-dpixel.fr\/info\/wp-json\/wp\/v2\/posts\/10148\/revisions\/10541"}],"wp:featuredmedia":[{"embeddable":true,"href":"https:\/\/grain-dpixel.fr\/info\/wp-json\/wp\/v2\/media\/10311"}],"wp:attachment":[{"href":"https:\/\/grain-dpixel.fr\/info\/wp-json\/wp\/v2\/media?parent=10148"}],"wp:term":[{"taxonomy":"category","embeddable":true,"href":"https:\/\/grain-dpixel.fr\/info\/wp-json\/wp\/v2\/categories?post=10148"},{"taxonomy":"post_tag","embeddable":true,"href":"https:\/\/grain-dpixel.fr\/info\/wp-json\/wp\/v2\/tags?post=10148"}],"curies":[{"name":"wp","href":"https:\/\/api.w.org\/{rel}","templated":true}]}}