{"id":9012,"global_id":"grain-dpixel.fr\/info?id=9012","global_id_lineage":["grain-dpixel.fr\/info?id=9012"],"author":"76","status":"publish","date":"2021-06-21 20:56:57","date_utc":"2021-06-21 18:56:57","modified":"2021-06-21 20:56:57","modified_utc":"2021-06-21 18:56:57","url":"https:\/\/grain-dpixel.fr\/info\/event\/conference-fabien-greban-gardiens-des-prairies\/","rest_url":"https:\/\/grain-dpixel.fr\/info\/wp-json\/tribe\/events\/v1\/events\/9012","title":"CONF\u00c9RENCE &#8211; Fabien GR\u00c9BAN \u00ab\u00a0Gardiens des prairies\u00a0\u00bb","description":"<p>La Maison de l&rsquo;Environnement BFC* organise une conf\u00e9rence avec Fabien Gr\u00e9ban.<br \/>\nIl viendra pr\u00e9senter son ouvrage \u00ab\u00a0Gardiens des prairies\u00a0\u00bb, o\u00f9 il met en valeur le massif du Jura, sa terre d&rsquo;adoption.<br \/>\nLe travail de ce photographe animalier nous aide \u00e0 prendre conscience de la beaut\u00e9 et de la fragilit\u00e9 de notre environnement proche.<\/p>\n<p>Inscriptions obligatoires :<br \/>\n<a href=\"https:\/\/grain-dpixel.us12.list-manage.com\/track\/click?u=52274a8d5696ecc1b18e602cf&amp;id=72418bcc27&amp;e=373220b3e9\">https:\/\/framaforms.org\/inscription-conference-fabien-greban-gardiens-des-prairies-1623070442<\/a><\/p>\n<p>*7 rue voirin (\u00e0 proximit\u00e9 de la place Leclerc)<\/p>","excerpt":"","slug":"conference-fabien-greban-gardiens-des-prairies","image":false,"all_day":false,"start_date":"2021-07-03 14:00:00","start_date_details":{"year":"2021","month":"07","day":"03","hour":"14","minutes":"00","seconds":"00"},"end_date":"2021-07-03 15:30:00","end_date_details":{"year":"2021","month":"07","day":"03","hour":"15","minutes":"30","seconds":"00"},"utc_start_date":"2021-07-03 12:00:00","utc_start_date_details":{"year":"2021","month":"07","day":"03","hour":"12","minutes":"00","seconds":"00"},"utc_end_date":"2021-07-03 13:30:00","utc_end_date_details":{"year":"2021","month":"07","day":"03","hour":"13","minutes":"30","seconds":"00"},"timezone":"Europe\/Paris","timezone_abbr":"CEST","cost":"","cost_details":{"currency_symbol":"","currency_code":"","currency_position":"suffix","values":[]},"website":"","show_map":true,"show_map_link":true,"hide_from_listings":false,"sticky":false,"featured":false,"categories":[],"tags":[],"venue":{"id":271,"author":"1","status":"publish","date":"2015-07-20 22:33:44","date_utc":"2015-07-20 20:33:44","modified":"2015-07-20 22:33:44","modified_utc":"2015-07-20 20:33:44","url":"https:\/\/grain-dpixel.fr\/info\/lieu\/besancon\/","venue":"Besan\u00e7on","slug":"besancon","json_ld":{"@type":"Place","name":"Besan\u00e7on","description":"","url":"","address":{"@type":"PostalAddress"},"telephone":"","sameAs":""},"show_map":true,"show_map_link":true,"global_id":"grain-dpixel.fr\/info?id=271","global_id_lineage":["grain-dpixel.fr\/info?id=271"]},"organizer":[],"custom_fields":[],"json_ld":{"@context":"http:\/\/schema.org","@type":"Event","name":"CONF\u00c9RENCE &#8211; Fabien GR\u00c9BAN \u00ab\u00a0Gardiens des prairies\u00a0\u00bb","description":"&lt;p&gt;La Maison de l\\'Environnement BFC* organise une conf\u00e9rence avec Fabien Gr\u00e9ban. Il viendra pr\u00e9senter son ouvrage &quot;Gardiens des prairies&quot;, o\u00f9 il met en valeur le massif du Jura, sa terre [&hellip;]&lt;\/p&gt;\\n","url":"https:\/\/grain-dpixel.fr\/info\/event\/conference-fabien-greban-gardiens-des-prairies\/","eventAttendanceMode":"https:\/\/schema.org\/OfflineEventAttendanceMode","eventStatus":"https:\/\/schema.org\/EventScheduled","startDate":"2021-07-03T14:00:00+02:00","endDate":"2021-07-03T15:30:00+02:00","location":{"@type":"Place","name":"Besan\u00e7on","description":"","url":"","address":{"@type":"PostalAddress"},"telephone":"","sameAs":""},"performer":"Organization"}}